{"id":570,"date":"2015-07-31T17:04:56","date_gmt":"2015-07-31T17:04:56","guid":{"rendered":"https:\/\/zahnaerzte-weinsberg.de\/jubilaeum\/?p=570"},"modified":"2018-07-15T09:08:25","modified_gmt":"2018-07-15T09:08:25","slug":"25-jahre-praxisbetrieb-mit-vielen-neuen-anstrichen","status":"publish","type":"post","link":"https:\/\/zahnaerzte-weinsberg.de\/jubilaeum\/2015\/07\/25-jahre-praxisbetrieb-mit-vielen-neuen-anstrichen\/","title":{"rendered":"25 Jahre Praxisbetrieb mit vielen neuen &#8222;Anstrichen&#8220;"},"content":{"rendered":"<p>25 Jahre Praxisbetrieb erfordern nat\u00fcrlich auch innerhalb der Praxisr\u00e4umlichkeiten viele Ver\u00e4nderungen und neue &#8222;Anstriche&#8220;.<\/p>\n<p>Dies ist die Historie unserer wichtigsten Renovierungsma\u00dfnahmen:<\/p>\n<p>1996: Prophylaxe-Wandschrank und Kinderecke<\/p>\n<p>2007: Wartezimmer und Beratungszimmer mit freundlicher und tatkr\u00e4ftiger Unterst\u00fctzung unseres Sohnes.<\/p>\n<p>2008: Zimmer 3 bekam einen &#8222;neuen Anstrich&#8220;. Zudem wurden neue Decken- und Wandbilder aufgeh\u00e4ngt.<\/p>\n<p>2011: Archetypen-Bilder in ganzer Praxis.<\/p>\n<p>2012: Zimmer 2 renoviert, blaue Beleuchtung und Triptychon<\/p>\n<p>2013: Wurde die Rezeption und das Beratungszimmer komplett umgestaltet.<\/p>\n<p>2014: Gro\u00dfes Fotoshooting und Webseitenerneuerung nach Abschluss der Renovierungen in 2012 und 2013<\/p>\n<p>&nbsp;<\/p>\n","protected":false},"excerpt":{"rendered":"<p>25 Jahre Praxisbetrieb erfordern nat\u00fcrlich auch innerhalb der Praxisr\u00e4umlichkeiten viele Ver\u00e4nderungen und neue &#8222;Anstriche&#8220;. Dies ist die Historie unserer wichtigsten Renovierungsma\u00dfnahmen: 1996: Prophylaxe-Wandschrank und Kinderecke 2007: Wartezimmer und Beratungszimmer mit freundlicher und tatkr\u00e4ftiger Unterst\u00fctzung unseres Sohnes. 2008: Zimmer 3 bekam einen &#8222;neuen Anstrich&#8220;. Zudem wurden neue Decken- und Wandbilder aufgeh\u00e4ngt. 2011: Archetypen-Bilder in ganzer Praxis. [&hellip;]<\/p>\n","protected":false},"author":1,"featured_media":571,"comment_status":"closed","ping_status":"closed","sticky":false,"template":"","format":"gallery","meta":{"footnotes":""},"categories":[1],"tags":[],"class_list":["post-570","post","type-post","status-publish","format-gallery","has-post-thumbnail","hentry","category-25jahrejubilaeum","post_format-post-format-gallery"],"yoast_head":"<!-- This site is optimized with the Yoast SEO plugin v27.3 - https:\/\/yoast.com\/product\/yoast-seo-wordpress\/ -->\n<title>25 Jahre Jubil\u00e4um -25 Jahre Praxisbetrieb mit vielen neuen &quot;Anstrichen&quot;<\/title>\n<meta name=\"description\" content=\"25 Jahre Jubil\u00e4um -25 Jahre Praxisbetrieb mit vielen neuen &quot;Anstrichen&quot;\" \/>\n<meta name=\"robots\" content=\"index, follow, max-snippet:-1, max-image-preview:large, max-video-preview:-1\" \/>\n<link rel=\"canonical\" href=\"https:\/\/zahnaerzte-weinsberg.de\/jubilaeum\/2015\/07\/25-jahre-praxisbetrieb-mit-vielen-neuen-anstrichen\/\" \/>\n<meta property=\"og:locale\" content=\"de_DE\" \/>\n<meta property=\"og:type\" content=\"article\" \/>\n<meta property=\"og:title\" content=\"25 Jahre Jubil\u00e4um -25 Jahre Praxisbetrieb mit vielen neuen &quot;Anstrichen&quot;\" \/>\n<meta property=\"og:description\" content=\"25 Jahre Jubil\u00e4um -25 Jahre Praxisbetrieb mit vielen neuen &quot;Anstrichen&quot;\" \/>\n<meta property=\"og:url\" content=\"https:\/\/zahnaerzte-weinsberg.de\/jubilaeum\/2015\/07\/25-jahre-praxisbetrieb-mit-vielen-neuen-anstrichen\/\" \/>\n<meta property=\"og:site_name\" content=\"Zahn\u00e4rzte Weber in Weinsberg\" \/>\n<meta property=\"article:published_time\" content=\"2015-07-31T17:04:56+00:00\" \/>\n<meta property=\"article:modified_time\" content=\"2018-07-15T09:08:25+00:00\" \/>\n<meta property=\"og:image\" content=\"https:\/\/zahnaerzte-weinsberg.de\/jubilaeum\/wp-content\/uploads\/06_Praxisrenovierungen.jpg\" \/>\n\t<meta property=\"og:image:width\" content=\"650\" \/>\n\t<meta property=\"og:image:height\" content=\"488\" \/>\n\t<meta property=\"og:image:type\" content=\"image\/jpeg\" \/>\n<meta name=\"author\" content=\"Zahnarztpraxis Weber\" \/>\n<meta name=\"twitter:label1\" content=\"Verfasst von\" \/>\n\t<meta name=\"twitter:data1\" content=\"Zahnarztpraxis Weber\" \/>\n<script type=\"application\/ld+json\" class=\"yoast-schema-graph\">{\"@context\":\"https:\\\/\\\/schema.org\",\"@graph\":[{\"@type\":\"Article\",\"@id\":\"https:\\\/\\\/zahnaerzte-weinsberg.de\\\/jubilaeum\\\/2015\\\/07\\\/25-jahre-praxisbetrieb-mit-vielen-neuen-anstrichen\\\/#article\",\"isPartOf\":{\"@id\":\"https:\\\/\\\/zahnaerzte-weinsberg.de\\\/jubilaeum\\\/2015\\\/07\\\/25-jahre-praxisbetrieb-mit-vielen-neuen-anstrichen\\\/\"},\"author\":{\"name\":\"Zahnarztpraxis Weber\",\"@id\":\"https:\\\/\\\/zahnaerzte-weinsberg.de\\\/jubilaeum\\\/#\\\/schema\\\/person\\\/c61d1488f1ab7b1e632bc04f55c92436\"},\"headline\":\"25 Jahre Praxisbetrieb mit vielen neuen &#8222;Anstrichen&#8220;\",\"datePublished\":\"2015-07-31T17:04:56+00:00\",\"dateModified\":\"2018-07-15T09:08:25+00:00\",\"mainEntityOfPage\":{\"@id\":\"https:\\\/\\\/zahnaerzte-weinsberg.de\\\/jubilaeum\\\/2015\\\/07\\\/25-jahre-praxisbetrieb-mit-vielen-neuen-anstrichen\\\/\"},\"wordCount\":88,\"image\":{\"@id\":\"https:\\\/\\\/zahnaerzte-weinsberg.de\\\/jubilaeum\\\/2015\\\/07\\\/25-jahre-praxisbetrieb-mit-vielen-neuen-anstrichen\\\/#primaryimage\"},\"thumbnailUrl\":\"https:\\\/\\\/zahnaerzte-weinsberg.de\\\/jubilaeum\\\/wp-content\\\/uploads\\\/06_Praxisrenovierungen.jpg\",\"articleSection\":[\"Meilensteine\"],\"inLanguage\":\"de\"},{\"@type\":\"WebPage\",\"@id\":\"https:\\\/\\\/zahnaerzte-weinsberg.de\\\/jubilaeum\\\/2015\\\/07\\\/25-jahre-praxisbetrieb-mit-vielen-neuen-anstrichen\\\/\",\"url\":\"https:\\\/\\\/zahnaerzte-weinsberg.de\\\/jubilaeum\\\/2015\\\/07\\\/25-jahre-praxisbetrieb-mit-vielen-neuen-anstrichen\\\/\",\"name\":\"25 Jahre Jubil\u00e4um -25 Jahre Praxisbetrieb mit vielen neuen \\\"Anstrichen\\\"\",\"isPartOf\":{\"@id\":\"https:\\\/\\\/zahnaerzte-weinsberg.de\\\/jubilaeum\\\/#website\"},\"primaryImageOfPage\":{\"@id\":\"https:\\\/\\\/zahnaerzte-weinsberg.de\\\/jubilaeum\\\/2015\\\/07\\\/25-jahre-praxisbetrieb-mit-vielen-neuen-anstrichen\\\/#primaryimage\"},\"image\":{\"@id\":\"https:\\\/\\\/zahnaerzte-weinsberg.de\\\/jubilaeum\\\/2015\\\/07\\\/25-jahre-praxisbetrieb-mit-vielen-neuen-anstrichen\\\/#primaryimage\"},\"thumbnailUrl\":\"https:\\\/\\\/zahnaerzte-weinsberg.de\\\/jubilaeum\\\/wp-content\\\/uploads\\\/06_Praxisrenovierungen.jpg\",\"datePublished\":\"2015-07-31T17:04:56+00:00\",\"dateModified\":\"2018-07-15T09:08:25+00:00\",\"author\":{\"@id\":\"https:\\\/\\\/zahnaerzte-weinsberg.de\\\/jubilaeum\\\/#\\\/schema\\\/person\\\/c61d1488f1ab7b1e632bc04f55c92436\"},\"description\":\"25 Jahre Jubil\u00e4um -25 Jahre Praxisbetrieb mit vielen neuen \\\"Anstrichen\\\"\",\"breadcrumb\":{\"@id\":\"https:\\\/\\\/zahnaerzte-weinsberg.de\\\/jubilaeum\\\/2015\\\/07\\\/25-jahre-praxisbetrieb-mit-vielen-neuen-anstrichen\\\/#breadcrumb\"},\"inLanguage\":\"de\",\"potentialAction\":[{\"@type\":\"ReadAction\",\"target\":[\"https:\\\/\\\/zahnaerzte-weinsberg.de\\\/jubilaeum\\\/2015\\\/07\\\/25-jahre-praxisbetrieb-mit-vielen-neuen-anstrichen\\\/\"]}]},{\"@type\":\"ImageObject\",\"inLanguage\":\"de\",\"@id\":\"https:\\\/\\\/zahnaerzte-weinsberg.de\\\/jubilaeum\\\/2015\\\/07\\\/25-jahre-praxisbetrieb-mit-vielen-neuen-anstrichen\\\/#primaryimage\",\"url\":\"https:\\\/\\\/zahnaerzte-weinsberg.de\\\/jubilaeum\\\/wp-content\\\/uploads\\\/06_Praxisrenovierungen.jpg\",\"contentUrl\":\"https:\\\/\\\/zahnaerzte-weinsberg.de\\\/jubilaeum\\\/wp-content\\\/uploads\\\/06_Praxisrenovierungen.jpg\",\"width\":650,\"height\":488},{\"@type\":\"BreadcrumbList\",\"@id\":\"https:\\\/\\\/zahnaerzte-weinsberg.de\\\/jubilaeum\\\/2015\\\/07\\\/25-jahre-praxisbetrieb-mit-vielen-neuen-anstrichen\\\/#breadcrumb\",\"itemListElement\":[{\"@type\":\"ListItem\",\"position\":1,\"name\":\"Home\",\"item\":\"https:\\\/\\\/zahnaerzte-weinsberg.de\\\/jubilaeum\\\/\"},{\"@type\":\"ListItem\",\"position\":2,\"name\":\"25 Jahre Praxisbetrieb mit vielen neuen &#8220;Anstrichen&#8221;\"}]},{\"@type\":\"WebSite\",\"@id\":\"https:\\\/\\\/zahnaerzte-weinsberg.de\\\/jubilaeum\\\/#website\",\"url\":\"https:\\\/\\\/zahnaerzte-weinsberg.de\\\/jubilaeum\\\/\",\"name\":\"Zahn\u00e4rzte Weber in Weinsberg\",\"description\":\"\",\"potentialAction\":[{\"@type\":\"SearchAction\",\"target\":{\"@type\":\"EntryPoint\",\"urlTemplate\":\"https:\\\/\\\/zahnaerzte-weinsberg.de\\\/jubilaeum\\\/?s={search_term_string}\"},\"query-input\":{\"@type\":\"PropertyValueSpecification\",\"valueRequired\":true,\"valueName\":\"search_term_string\"}}],\"inLanguage\":\"de\"},{\"@type\":\"Person\",\"@id\":\"https:\\\/\\\/zahnaerzte-weinsberg.de\\\/jubilaeum\\\/#\\\/schema\\\/person\\\/c61d1488f1ab7b1e632bc04f55c92436\",\"name\":\"Zahnarztpraxis Weber\",\"image\":{\"@type\":\"ImageObject\",\"inLanguage\":\"de\",\"@id\":\"https:\\\/\\\/zahnaerzte-weinsberg.de\\\/jubilaeum\\\/wp-content\\\/uploads\\\/zahnaerzte-weber-zahnarztpraxis2-150x150.png\",\"url\":\"https:\\\/\\\/zahnaerzte-weinsberg.de\\\/jubilaeum\\\/wp-content\\\/uploads\\\/zahnaerzte-weber-zahnarztpraxis2-150x150.png\",\"contentUrl\":\"https:\\\/\\\/zahnaerzte-weinsberg.de\\\/jubilaeum\\\/wp-content\\\/uploads\\\/zahnaerzte-weber-zahnarztpraxis2-150x150.png\",\"caption\":\"Zahnarztpraxis Weber\"}}]}<\/script>\n<!-- \/ Yoast SEO plugin. -->","yoast_head_json":{"title":"25 Jahre Jubil\u00e4um -25 Jahre Praxisbetrieb mit vielen neuen \"Anstrichen\"","description":"25 Jahre Jubil\u00e4um -25 Jahre Praxisbetrieb mit vielen neuen \"Anstrichen\"","robots":{"index":"index","follow":"follow","max-snippet":"max-snippet:-1","max-image-preview":"max-image-preview:large","max-video-preview":"max-video-preview:-1"},"canonical":"https:\/\/zahnaerzte-weinsberg.de\/jubilaeum\/2015\/07\/25-jahre-praxisbetrieb-mit-vielen-neuen-anstrichen\/","og_locale":"de_DE","og_type":"article","og_title":"25 Jahre Jubil\u00e4um -25 Jahre Praxisbetrieb mit vielen neuen \"Anstrichen\"","og_description":"25 Jahre Jubil\u00e4um -25 Jahre Praxisbetrieb mit vielen neuen \"Anstrichen\"","og_url":"https:\/\/zahnaerzte-weinsberg.de\/jubilaeum\/2015\/07\/25-jahre-praxisbetrieb-mit-vielen-neuen-anstrichen\/","og_site_name":"Zahn\u00e4rzte Weber in Weinsberg","article_published_time":"2015-07-31T17:04:56+00:00","article_modified_time":"2018-07-15T09:08:25+00:00","og_image":[{"width":650,"height":488,"url":"https:\/\/zahnaerzte-weinsberg.de\/jubilaeum\/wp-content\/uploads\/06_Praxisrenovierungen.jpg","type":"image\/jpeg"}],"author":"Zahnarztpraxis Weber","twitter_misc":{"Verfasst von":"Zahnarztpraxis Weber"},"schema":{"@context":"https:\/\/schema.org","@graph":[{"@type":"Article","@id":"https:\/\/zahnaerzte-weinsberg.de\/jubilaeum\/2015\/07\/25-jahre-praxisbetrieb-mit-vielen-neuen-anstrichen\/#article","isPartOf":{"@id":"https:\/\/zahnaerzte-weinsberg.de\/jubilaeum\/2015\/07\/25-jahre-praxisbetrieb-mit-vielen-neuen-anstrichen\/"},"author":{"name":"Zahnarztpraxis Weber","@id":"https:\/\/zahnaerzte-weinsberg.de\/jubilaeum\/#\/schema\/person\/c61d1488f1ab7b1e632bc04f55c92436"},"headline":"25 Jahre Praxisbetrieb mit vielen neuen &#8222;Anstrichen&#8220;","datePublished":"2015-07-31T17:04:56+00:00","dateModified":"2018-07-15T09:08:25+00:00","mainEntityOfPage":{"@id":"https:\/\/zahnaerzte-weinsberg.de\/jubilaeum\/2015\/07\/25-jahre-praxisbetrieb-mit-vielen-neuen-anstrichen\/"},"wordCount":88,"image":{"@id":"https:\/\/zahnaerzte-weinsberg.de\/jubilaeum\/2015\/07\/25-jahre-praxisbetrieb-mit-vielen-neuen-anstrichen\/#primaryimage"},"thumbnailUrl":"https:\/\/zahnaerzte-weinsberg.de\/jubilaeum\/wp-content\/uploads\/06_Praxisrenovierungen.jpg","articleSection":["Meilensteine"],"inLanguage":"de"},{"@type":"WebPage","@id":"https:\/\/zahnaerzte-weinsberg.de\/jubilaeum\/2015\/07\/25-jahre-praxisbetrieb-mit-vielen-neuen-anstrichen\/","url":"https:\/\/zahnaerzte-weinsberg.de\/jubilaeum\/2015\/07\/25-jahre-praxisbetrieb-mit-vielen-neuen-anstrichen\/","name":"25 Jahre Jubil\u00e4um -25 Jahre Praxisbetrieb mit vielen neuen \"Anstrichen\"","isPartOf":{"@id":"https:\/\/zahnaerzte-weinsberg.de\/jubilaeum\/#website"},"primaryImageOfPage":{"@id":"https:\/\/zahnaerzte-weinsberg.de\/jubilaeum\/2015\/07\/25-jahre-praxisbetrieb-mit-vielen-neuen-anstrichen\/#primaryimage"},"image":{"@id":"https:\/\/zahnaerzte-weinsberg.de\/jubilaeum\/2015\/07\/25-jahre-praxisbetrieb-mit-vielen-neuen-anstrichen\/#primaryimage"},"thumbnailUrl":"https:\/\/zahnaerzte-weinsberg.de\/jubilaeum\/wp-content\/uploads\/06_Praxisrenovierungen.jpg","datePublished":"2015-07-31T17:04:56+00:00","dateModified":"2018-07-15T09:08:25+00:00","author":{"@id":"https:\/\/zahnaerzte-weinsberg.de\/jubilaeum\/#\/schema\/person\/c61d1488f1ab7b1e632bc04f55c92436"},"description":"25 Jahre Jubil\u00e4um -25 Jahre Praxisbetrieb mit vielen neuen \"Anstrichen\"","breadcrumb":{"@id":"https:\/\/zahnaerzte-weinsberg.de\/jubilaeum\/2015\/07\/25-jahre-praxisbetrieb-mit-vielen-neuen-anstrichen\/#breadcrumb"},"inLanguage":"de","potentialAction":[{"@type":"ReadAction","target":["https:\/\/zahnaerzte-weinsberg.de\/jubilaeum\/2015\/07\/25-jahre-praxisbetrieb-mit-vielen-neuen-anstrichen\/"]}]},{"@type":"ImageObject","inLanguage":"de","@id":"https:\/\/zahnaerzte-weinsberg.de\/jubilaeum\/2015\/07\/25-jahre-praxisbetrieb-mit-vielen-neuen-anstrichen\/#primaryimage","url":"https:\/\/zahnaerzte-weinsberg.de\/jubilaeum\/wp-content\/uploads\/06_Praxisrenovierungen.jpg","contentUrl":"https:\/\/zahnaerzte-weinsberg.de\/jubilaeum\/wp-content\/uploads\/06_Praxisrenovierungen.jpg","width":650,"height":488},{"@type":"BreadcrumbList","@id":"https:\/\/zahnaerzte-weinsberg.de\/jubilaeum\/2015\/07\/25-jahre-praxisbetrieb-mit-vielen-neuen-anstrichen\/#breadcrumb","itemListElement":[{"@type":"ListItem","position":1,"name":"Home","item":"https:\/\/zahnaerzte-weinsberg.de\/jubilaeum\/"},{"@type":"ListItem","position":2,"name":"25 Jahre Praxisbetrieb mit vielen neuen &#8220;Anstrichen&#8221;"}]},{"@type":"WebSite","@id":"https:\/\/zahnaerzte-weinsberg.de\/jubilaeum\/#website","url":"https:\/\/zahnaerzte-weinsberg.de\/jubilaeum\/","name":"Zahn\u00e4rzte Weber in Weinsberg","description":"","potentialAction":[{"@type":"SearchAction","target":{"@type":"EntryPoint","urlTemplate":"https:\/\/zahnaerzte-weinsberg.de\/jubilaeum\/?s={search_term_string}"},"query-input":{"@type":"PropertyValueSpecification","valueRequired":true,"valueName":"search_term_string"}}],"inLanguage":"de"},{"@type":"Person","@id":"https:\/\/zahnaerzte-weinsberg.de\/jubilaeum\/#\/schema\/person\/c61d1488f1ab7b1e632bc04f55c92436","name":"Zahnarztpraxis Weber","image":{"@type":"ImageObject","inLanguage":"de","@id":"https:\/\/zahnaerzte-weinsberg.de\/jubilaeum\/wp-content\/uploads\/zahnaerzte-weber-zahnarztpraxis2-150x150.png","url":"https:\/\/zahnaerzte-weinsberg.de\/jubilaeum\/wp-content\/uploads\/zahnaerzte-weber-zahnarztpraxis2-150x150.png","contentUrl":"https:\/\/zahnaerzte-weinsberg.de\/jubilaeum\/wp-content\/uploads\/zahnaerzte-weber-zahnarztpraxis2-150x150.png","caption":"Zahnarztpraxis Weber"}}]}},"_links":{"self":[{"href":"https:\/\/zahnaerzte-weinsberg.de\/jubilaeum\/wp-json\/wp\/v2\/posts\/570","targetHints":{"allow":["GET"]}}],"collection":[{"href":"https:\/\/zahnaerzte-weinsberg.de\/jubilaeum\/wp-json\/wp\/v2\/posts"}],"about":[{"href":"https:\/\/zahnaerzte-weinsberg.de\/jubilaeum\/wp-json\/wp\/v2\/types\/post"}],"author":[{"embeddable":true,"href":"https:\/\/zahnaerzte-weinsberg.de\/jubilaeum\/wp-json\/wp\/v2\/users\/1"}],"replies":[{"embeddable":true,"href":"https:\/\/zahnaerzte-weinsberg.de\/jubilaeum\/wp-json\/wp\/v2\/comments?post=570"}],"version-history":[{"count":0,"href":"https:\/\/zahnaerzte-weinsberg.de\/jubilaeum\/wp-json\/wp\/v2\/posts\/570\/revisions"}],"wp:featuredmedia":[{"embeddable":true,"href":"https:\/\/zahnaerzte-weinsberg.de\/jubilaeum\/wp-json\/wp\/v2\/media\/571"}],"wp:attachment":[{"href":"https:\/\/zahnaerzte-weinsberg.de\/jubilaeum\/wp-json\/wp\/v2\/media?parent=570"}],"wp:term":[{"taxonomy":"category","embeddable":true,"href":"https:\/\/zahnaerzte-weinsberg.de\/jubilaeum\/wp-json\/wp\/v2\/categories?post=570"},{"taxonomy":"post_tag","embeddable":true,"href":"https:\/\/zahnaerzte-weinsberg.de\/jubilaeum\/wp-json\/wp\/v2\/tags?post=570"}],"curies":[{"name":"wp","href":"https:\/\/api.w.org\/{rel}","templated":true}]}}