{"id":582,"date":"2015-12-23T18:42:17","date_gmt":"2015-12-23T18:42:17","guid":{"rendered":"https:\/\/zahnaerzte-weinsberg.de\/jubilaeum\/?p=582"},"modified":"2015-12-23T18:42:17","modified_gmt":"2015-12-23T18:42:17","slug":"dankeschoen","status":"publish","type":"post","link":"https:\/\/zahnaerzte-weinsberg.de\/jubilaeum\/2015\/12\/dankeschoen\/","title":{"rendered":"DANKESCH\u00d6N!"},"content":{"rendered":"<p>Mit ein wenig zeitlichem Abstand nochmals ein gro\u00dfes DANKESCH\u00d6N an ALLE, die an unserer Feier zum 25. Praxisjubil\u00e4um teilgenommen bzw. die daran mitgewirkt haben.<\/p>\n<p>Die zahlreichen Gratulationen und emotionalen Danksagungen haben uns unheimlich gefreut.<\/p>\n<p>Insbesondere richtet sich mein Dank zudem an mein Praxis-Team: Ich freue mich schon darauf, auch im neuen Jahr wieder voller Tatendrang und Freude mit Euch f\u00fcr unsere Patienten da sein zu d\u00fcrfen. Danke f\u00fcr das tolle Jahr 2015 und die vielen erfolgreichen Jahre zuvor!<\/p>\n<p>Es gr\u00fc\u00dft ganz herzlich,<br \/>\nHerr Dr. Thomas Weber<\/p>\n","protected":false},"excerpt":{"rendered":"<p>Mit ein wenig zeitlichem Abstand nochmals ein gro\u00dfes DANKESCH\u00d6N an ALLE, die an unserer Feier zum 25. Praxisjubil\u00e4um teilgenommen bzw. die daran mitgewirkt haben. Die zahlreichen Gratulationen und emotionalen Danksagungen haben uns unheimlich gefreut. Insbesondere richtet sich mein Dank zudem an mein Praxis-Team: Ich freue mich schon darauf, auch im neuen Jahr wieder voller Tatendrang [&hellip;]<\/p>\n","protected":false},"author":1,"featured_media":583,"comment_status":"closed","ping_status":"closed","sticky":false,"template":"","format":"standard","meta":{"footnotes":""},"categories":[1],"tags":[],"class_list":["post-582","post","type-post","status-publish","format-standard","has-post-thumbnail","hentry","category-25jahrejubilaeum"],"yoast_head":"<!-- This site is optimized with the Yoast SEO plugin v27.3 - https:\/\/yoast.com\/product\/yoast-seo-wordpress\/ -->\n<title>25 Jahre Jubil\u00e4um - DANKESCH\u00d6N!<\/title>\n<meta name=\"description\" content=\"25 Jahre Jubil\u00e4um - DANKESCH\u00d6N!\" \/>\n<meta name=\"robots\" content=\"index, follow, max-snippet:-1, max-image-preview:large, max-video-preview:-1\" \/>\n<link rel=\"canonical\" href=\"https:\/\/zahnaerzte-weinsberg.de\/jubilaeum\/2015\/12\/dankeschoen\/\" \/>\n<meta property=\"og:locale\" content=\"de_DE\" \/>\n<meta property=\"og:type\" content=\"article\" \/>\n<meta property=\"og:title\" content=\"25 Jahre Jubil\u00e4um - DANKESCH\u00d6N!\" \/>\n<meta property=\"og:description\" content=\"25 Jahre Jubil\u00e4um - DANKESCH\u00d6N!\" \/>\n<meta property=\"og:url\" content=\"https:\/\/zahnaerzte-weinsberg.de\/jubilaeum\/2015\/12\/dankeschoen\/\" \/>\n<meta property=\"og:site_name\" content=\"Zahn\u00e4rzte Weber in Weinsberg\" \/>\n<meta property=\"article:published_time\" content=\"2015-12-23T18:42:17+00:00\" \/>\n<meta property=\"og:image\" content=\"https:\/\/zahnaerzte-weinsberg.de\/jubilaeum\/wp-content\/uploads\/Collage_jubilaeum-e1450895995495.jpg\" \/>\n\t<meta property=\"og:image:width\" content=\"543\" \/>\n\t<meta property=\"og:image:height\" content=\"422\" \/>\n\t<meta property=\"og:image:type\" content=\"image\/jpeg\" \/>\n<meta name=\"author\" content=\"Zahnarztpraxis Weber\" \/>\n<meta name=\"twitter:label1\" content=\"Verfasst von\" \/>\n\t<meta name=\"twitter:data1\" content=\"Zahnarztpraxis Weber\" \/>\n<script type=\"application\/ld+json\" class=\"yoast-schema-graph\">{\"@context\":\"https:\\\/\\\/schema.org\",\"@graph\":[{\"@type\":\"Article\",\"@id\":\"https:\\\/\\\/zahnaerzte-weinsberg.de\\\/jubilaeum\\\/2015\\\/12\\\/dankeschoen\\\/#article\",\"isPartOf\":{\"@id\":\"https:\\\/\\\/zahnaerzte-weinsberg.de\\\/jubilaeum\\\/2015\\\/12\\\/dankeschoen\\\/\"},\"author\":{\"name\":\"Zahnarztpraxis Weber\",\"@id\":\"https:\\\/\\\/zahnaerzte-weinsberg.de\\\/jubilaeum\\\/#\\\/schema\\\/person\\\/c61d1488f1ab7b1e632bc04f55c92436\"},\"headline\":\"DANKESCH\u00d6N!\",\"datePublished\":\"2015-12-23T18:42:17+00:00\",\"mainEntityOfPage\":{\"@id\":\"https:\\\/\\\/zahnaerzte-weinsberg.de\\\/jubilaeum\\\/2015\\\/12\\\/dankeschoen\\\/\"},\"wordCount\":93,\"image\":{\"@id\":\"https:\\\/\\\/zahnaerzte-weinsberg.de\\\/jubilaeum\\\/2015\\\/12\\\/dankeschoen\\\/#primaryimage\"},\"thumbnailUrl\":\"https:\\\/\\\/zahnaerzte-weinsberg.de\\\/jubilaeum\\\/wp-content\\\/uploads\\\/Collage_jubilaeum-e1450895995495.jpg\",\"articleSection\":[\"Meilensteine\"],\"inLanguage\":\"de\"},{\"@type\":\"WebPage\",\"@id\":\"https:\\\/\\\/zahnaerzte-weinsberg.de\\\/jubilaeum\\\/2015\\\/12\\\/dankeschoen\\\/\",\"url\":\"https:\\\/\\\/zahnaerzte-weinsberg.de\\\/jubilaeum\\\/2015\\\/12\\\/dankeschoen\\\/\",\"name\":\"25 Jahre Jubil\u00e4um - DANKESCH\u00d6N!\",\"isPartOf\":{\"@id\":\"https:\\\/\\\/zahnaerzte-weinsberg.de\\\/jubilaeum\\\/#website\"},\"primaryImageOfPage\":{\"@id\":\"https:\\\/\\\/zahnaerzte-weinsberg.de\\\/jubilaeum\\\/2015\\\/12\\\/dankeschoen\\\/#primaryimage\"},\"image\":{\"@id\":\"https:\\\/\\\/zahnaerzte-weinsberg.de\\\/jubilaeum\\\/2015\\\/12\\\/dankeschoen\\\/#primaryimage\"},\"thumbnailUrl\":\"https:\\\/\\\/zahnaerzte-weinsberg.de\\\/jubilaeum\\\/wp-content\\\/uploads\\\/Collage_jubilaeum-e1450895995495.jpg\",\"datePublished\":\"2015-12-23T18:42:17+00:00\",\"author\":{\"@id\":\"https:\\\/\\\/zahnaerzte-weinsberg.de\\\/jubilaeum\\\/#\\\/schema\\\/person\\\/c61d1488f1ab7b1e632bc04f55c92436\"},\"description\":\"25 Jahre Jubil\u00e4um - DANKESCH\u00d6N!\",\"breadcrumb\":{\"@id\":\"https:\\\/\\\/zahnaerzte-weinsberg.de\\\/jubilaeum\\\/2015\\\/12\\\/dankeschoen\\\/#breadcrumb\"},\"inLanguage\":\"de\",\"potentialAction\":[{\"@type\":\"ReadAction\",\"target\":[\"https:\\\/\\\/zahnaerzte-weinsberg.de\\\/jubilaeum\\\/2015\\\/12\\\/dankeschoen\\\/\"]}]},{\"@type\":\"ImageObject\",\"inLanguage\":\"de\",\"@id\":\"https:\\\/\\\/zahnaerzte-weinsberg.de\\\/jubilaeum\\\/2015\\\/12\\\/dankeschoen\\\/#primaryimage\",\"url\":\"https:\\\/\\\/zahnaerzte-weinsberg.de\\\/jubilaeum\\\/wp-content\\\/uploads\\\/Collage_jubilaeum-e1450895995495.jpg\",\"contentUrl\":\"https:\\\/\\\/zahnaerzte-weinsberg.de\\\/jubilaeum\\\/wp-content\\\/uploads\\\/Collage_jubilaeum-e1450895995495.jpg\",\"width\":543,\"height\":422},{\"@type\":\"BreadcrumbList\",\"@id\":\"https:\\\/\\\/zahnaerzte-weinsberg.de\\\/jubilaeum\\\/2015\\\/12\\\/dankeschoen\\\/#breadcrumb\",\"itemListElement\":[{\"@type\":\"ListItem\",\"position\":1,\"name\":\"Home\",\"item\":\"https:\\\/\\\/zahnaerzte-weinsberg.de\\\/jubilaeum\\\/\"},{\"@type\":\"ListItem\",\"position\":2,\"name\":\"DANKESCH\u00d6N!\"}]},{\"@type\":\"WebSite\",\"@id\":\"https:\\\/\\\/zahnaerzte-weinsberg.de\\\/jubilaeum\\\/#website\",\"url\":\"https:\\\/\\\/zahnaerzte-weinsberg.de\\\/jubilaeum\\\/\",\"name\":\"Zahn\u00e4rzte Weber in Weinsberg\",\"description\":\"\",\"potentialAction\":[{\"@type\":\"SearchAction\",\"target\":{\"@type\":\"EntryPoint\",\"urlTemplate\":\"https:\\\/\\\/zahnaerzte-weinsberg.de\\\/jubilaeum\\\/?s={search_term_string}\"},\"query-input\":{\"@type\":\"PropertyValueSpecification\",\"valueRequired\":true,\"valueName\":\"search_term_string\"}}],\"inLanguage\":\"de\"},{\"@type\":\"Person\",\"@id\":\"https:\\\/\\\/zahnaerzte-weinsberg.de\\\/jubilaeum\\\/#\\\/schema\\\/person\\\/c61d1488f1ab7b1e632bc04f55c92436\",\"name\":\"Zahnarztpraxis Weber\",\"image\":{\"@type\":\"ImageObject\",\"inLanguage\":\"de\",\"@id\":\"https:\\\/\\\/zahnaerzte-weinsberg.de\\\/jubilaeum\\\/wp-content\\\/uploads\\\/zahnaerzte-weber-zahnarztpraxis2-150x150.png\",\"url\":\"https:\\\/\\\/zahnaerzte-weinsberg.de\\\/jubilaeum\\\/wp-content\\\/uploads\\\/zahnaerzte-weber-zahnarztpraxis2-150x150.png\",\"contentUrl\":\"https:\\\/\\\/zahnaerzte-weinsberg.de\\\/jubilaeum\\\/wp-content\\\/uploads\\\/zahnaerzte-weber-zahnarztpraxis2-150x150.png\",\"caption\":\"Zahnarztpraxis Weber\"}}]}<\/script>\n<!-- \/ Yoast SEO plugin. -->","yoast_head_json":{"title":"25 Jahre Jubil\u00e4um - DANKESCH\u00d6N!","description":"25 Jahre Jubil\u00e4um - DANKESCH\u00d6N!","robots":{"index":"index","follow":"follow","max-snippet":"max-snippet:-1","max-image-preview":"max-image-preview:large","max-video-preview":"max-video-preview:-1"},"canonical":"https:\/\/zahnaerzte-weinsberg.de\/jubilaeum\/2015\/12\/dankeschoen\/","og_locale":"de_DE","og_type":"article","og_title":"25 Jahre Jubil\u00e4um - DANKESCH\u00d6N!","og_description":"25 Jahre Jubil\u00e4um - DANKESCH\u00d6N!","og_url":"https:\/\/zahnaerzte-weinsberg.de\/jubilaeum\/2015\/12\/dankeschoen\/","og_site_name":"Zahn\u00e4rzte Weber in Weinsberg","article_published_time":"2015-12-23T18:42:17+00:00","og_image":[{"width":543,"height":422,"url":"https:\/\/zahnaerzte-weinsberg.de\/jubilaeum\/wp-content\/uploads\/Collage_jubilaeum-e1450895995495.jpg","type":"image\/jpeg"}],"author":"Zahnarztpraxis Weber","twitter_misc":{"Verfasst von":"Zahnarztpraxis Weber"},"schema":{"@context":"https:\/\/schema.org","@graph":[{"@type":"Article","@id":"https:\/\/zahnaerzte-weinsberg.de\/jubilaeum\/2015\/12\/dankeschoen\/#article","isPartOf":{"@id":"https:\/\/zahnaerzte-weinsberg.de\/jubilaeum\/2015\/12\/dankeschoen\/"},"author":{"name":"Zahnarztpraxis Weber","@id":"https:\/\/zahnaerzte-weinsberg.de\/jubilaeum\/#\/schema\/person\/c61d1488f1ab7b1e632bc04f55c92436"},"headline":"DANKESCH\u00d6N!","datePublished":"2015-12-23T18:42:17+00:00","mainEntityOfPage":{"@id":"https:\/\/zahnaerzte-weinsberg.de\/jubilaeum\/2015\/12\/dankeschoen\/"},"wordCount":93,"image":{"@id":"https:\/\/zahnaerzte-weinsberg.de\/jubilaeum\/2015\/12\/dankeschoen\/#primaryimage"},"thumbnailUrl":"https:\/\/zahnaerzte-weinsberg.de\/jubilaeum\/wp-content\/uploads\/Collage_jubilaeum-e1450895995495.jpg","articleSection":["Meilensteine"],"inLanguage":"de"},{"@type":"WebPage","@id":"https:\/\/zahnaerzte-weinsberg.de\/jubilaeum\/2015\/12\/dankeschoen\/","url":"https:\/\/zahnaerzte-weinsberg.de\/jubilaeum\/2015\/12\/dankeschoen\/","name":"25 Jahre Jubil\u00e4um - DANKESCH\u00d6N!","isPartOf":{"@id":"https:\/\/zahnaerzte-weinsberg.de\/jubilaeum\/#website"},"primaryImageOfPage":{"@id":"https:\/\/zahnaerzte-weinsberg.de\/jubilaeum\/2015\/12\/dankeschoen\/#primaryimage"},"image":{"@id":"https:\/\/zahnaerzte-weinsberg.de\/jubilaeum\/2015\/12\/dankeschoen\/#primaryimage"},"thumbnailUrl":"https:\/\/zahnaerzte-weinsberg.de\/jubilaeum\/wp-content\/uploads\/Collage_jubilaeum-e1450895995495.jpg","datePublished":"2015-12-23T18:42:17+00:00","author":{"@id":"https:\/\/zahnaerzte-weinsberg.de\/jubilaeum\/#\/schema\/person\/c61d1488f1ab7b1e632bc04f55c92436"},"description":"25 Jahre Jubil\u00e4um - DANKESCH\u00d6N!","breadcrumb":{"@id":"https:\/\/zahnaerzte-weinsberg.de\/jubilaeum\/2015\/12\/dankeschoen\/#breadcrumb"},"inLanguage":"de","potentialAction":[{"@type":"ReadAction","target":["https:\/\/zahnaerzte-weinsberg.de\/jubilaeum\/2015\/12\/dankeschoen\/"]}]},{"@type":"ImageObject","inLanguage":"de","@id":"https:\/\/zahnaerzte-weinsberg.de\/jubilaeum\/2015\/12\/dankeschoen\/#primaryimage","url":"https:\/\/zahnaerzte-weinsberg.de\/jubilaeum\/wp-content\/uploads\/Collage_jubilaeum-e1450895995495.jpg","contentUrl":"https:\/\/zahnaerzte-weinsberg.de\/jubilaeum\/wp-content\/uploads\/Collage_jubilaeum-e1450895995495.jpg","width":543,"height":422},{"@type":"BreadcrumbList","@id":"https:\/\/zahnaerzte-weinsberg.de\/jubilaeum\/2015\/12\/dankeschoen\/#breadcrumb","itemListElement":[{"@type":"ListItem","position":1,"name":"Home","item":"https:\/\/zahnaerzte-weinsberg.de\/jubilaeum\/"},{"@type":"ListItem","position":2,"name":"DANKESCH\u00d6N!"}]},{"@type":"WebSite","@id":"https:\/\/zahnaerzte-weinsberg.de\/jubilaeum\/#website","url":"https:\/\/zahnaerzte-weinsberg.de\/jubilaeum\/","name":"Zahn\u00e4rzte Weber in Weinsberg","description":"","potentialAction":[{"@type":"SearchAction","target":{"@type":"EntryPoint","urlTemplate":"https:\/\/zahnaerzte-weinsberg.de\/jubilaeum\/?s={search_term_string}"},"query-input":{"@type":"PropertyValueSpecification","valueRequired":true,"valueName":"search_term_string"}}],"inLanguage":"de"},{"@type":"Person","@id":"https:\/\/zahnaerzte-weinsberg.de\/jubilaeum\/#\/schema\/person\/c61d1488f1ab7b1e632bc04f55c92436","name":"Zahnarztpraxis Weber","image":{"@type":"ImageObject","inLanguage":"de","@id":"https:\/\/zahnaerzte-weinsberg.de\/jubilaeum\/wp-content\/uploads\/zahnaerzte-weber-zahnarztpraxis2-150x150.png","url":"https:\/\/zahnaerzte-weinsberg.de\/jubilaeum\/wp-content\/uploads\/zahnaerzte-weber-zahnarztpraxis2-150x150.png","contentUrl":"https:\/\/zahnaerzte-weinsberg.de\/jubilaeum\/wp-content\/uploads\/zahnaerzte-weber-zahnarztpraxis2-150x150.png","caption":"Zahnarztpraxis Weber"}}]}},"_links":{"self":[{"href":"https:\/\/zahnaerzte-weinsberg.de\/jubilaeum\/wp-json\/wp\/v2\/posts\/582","targetHints":{"allow":["GET"]}}],"collection":[{"href":"https:\/\/zahnaerzte-weinsberg.de\/jubilaeum\/wp-json\/wp\/v2\/posts"}],"about":[{"href":"https:\/\/zahnaerzte-weinsberg.de\/jubilaeum\/wp-json\/wp\/v2\/types\/post"}],"author":[{"embeddable":true,"href":"https:\/\/zahnaerzte-weinsberg.de\/jubilaeum\/wp-json\/wp\/v2\/users\/1"}],"replies":[{"embeddable":true,"href":"https:\/\/zahnaerzte-weinsberg.de\/jubilaeum\/wp-json\/wp\/v2\/comments?post=582"}],"version-history":[{"count":0,"href":"https:\/\/zahnaerzte-weinsberg.de\/jubilaeum\/wp-json\/wp\/v2\/posts\/582\/revisions"}],"wp:featuredmedia":[{"embeddable":true,"href":"https:\/\/zahnaerzte-weinsberg.de\/jubilaeum\/wp-json\/wp\/v2\/media\/583"}],"wp:attachment":[{"href":"https:\/\/zahnaerzte-weinsberg.de\/jubilaeum\/wp-json\/wp\/v2\/media?parent=582"}],"wp:term":[{"taxonomy":"category","embeddable":true,"href":"https:\/\/zahnaerzte-weinsberg.de\/jubilaeum\/wp-json\/wp\/v2\/categories?post=582"},{"taxonomy":"post_tag","embeddable":true,"href":"https:\/\/zahnaerzte-weinsberg.de\/jubilaeum\/wp-json\/wp\/v2\/tags?post=582"}],"curies":[{"name":"wp","href":"https:\/\/api.w.org\/{rel}","templated":true}]}}