{"id":585,"date":"2015-11-20T18:43:09","date_gmt":"2015-11-20T18:43:09","guid":{"rendered":"https:\/\/zahnaerzte-weinsberg.de\/jubilaeum\/?p=585"},"modified":"2015-12-23T19:41:00","modified_gmt":"2015-12-23T19:41:00","slug":"unsere-jubilaeumsfeier","status":"publish","type":"post","link":"https:\/\/zahnaerzte-weinsberg.de\/jubilaeum\/2015\/11\/unsere-jubilaeumsfeier\/","title":{"rendered":"Unsere Jubil\u00e4umsfeier"},"content":{"rendered":"<p>Eindr\u00fccke von unserer Jubil\u00e4umsfeier!<\/p>\n","protected":false},"excerpt":{"rendered":"<p>Eindr\u00fccke von unserer Jubil\u00e4umsfeier!<\/p>\n","protected":false},"author":1,"featured_media":586,"comment_status":"closed","ping_status":"closed","sticky":false,"template":"","format":"gallery","meta":{"footnotes":""},"categories":[1],"tags":[],"class_list":["post-585","post","type-post","status-publish","format-gallery","has-post-thumbnail","hentry","category-25jahrejubilaeum","post_format-post-format-gallery"],"yoast_head":"<!-- This site is optimized with the Yoast SEO plugin v27.3 - https:\/\/yoast.com\/product\/yoast-seo-wordpress\/ -->\n<title>25 Jahre Jubil\u00e4um - Unsere Jubil\u00e4umsfeier<\/title>\n<meta name=\"description\" content=\"25 Jahre Jubil\u00e4um - Unsere Jubil\u00e4umsfeier\" \/>\n<meta name=\"robots\" content=\"index, follow, max-snippet:-1, max-image-preview:large, max-video-preview:-1\" \/>\n<link rel=\"canonical\" href=\"https:\/\/zahnaerzte-weinsberg.de\/jubilaeum\/2015\/11\/unsere-jubilaeumsfeier\/\" \/>\n<meta property=\"og:locale\" content=\"de_DE\" \/>\n<meta property=\"og:type\" content=\"article\" \/>\n<meta property=\"og:title\" content=\"25 Jahre Jubil\u00e4um - Unsere Jubil\u00e4umsfeier\" \/>\n<meta property=\"og:description\" content=\"25 Jahre Jubil\u00e4um - Unsere Jubil\u00e4umsfeier\" \/>\n<meta property=\"og:url\" content=\"https:\/\/zahnaerzte-weinsberg.de\/jubilaeum\/2015\/11\/unsere-jubilaeumsfeier\/\" \/>\n<meta property=\"og:site_name\" content=\"Zahn\u00e4rzte Weber in Weinsberg\" \/>\n<meta property=\"article:published_time\" content=\"2015-11-20T18:43:09+00:00\" \/>\n<meta property=\"article:modified_time\" content=\"2015-12-23T19:41:00+00:00\" \/>\n<meta property=\"og:image\" content=\"https:\/\/zahnaerzte-weinsberg.de\/jubilaeum\/wp-content\/uploads\/Collage_jubilaeumsfeier-e1450899546617.jpg\" \/>\n\t<meta property=\"og:image:width\" content=\"543\" \/>\n\t<meta property=\"og:image:height\" content=\"422\" \/>\n\t<meta property=\"og:image:type\" content=\"image\/jpeg\" \/>\n<meta name=\"author\" content=\"Zahnarztpraxis Weber\" \/>\n<meta name=\"twitter:label1\" content=\"Verfasst von\" \/>\n\t<meta name=\"twitter:data1\" content=\"Zahnarztpraxis Weber\" \/>\n<script type=\"application\/ld+json\" class=\"yoast-schema-graph\">{\"@context\":\"https:\\\/\\\/schema.org\",\"@graph\":[{\"@type\":\"Article\",\"@id\":\"https:\\\/\\\/zahnaerzte-weinsberg.de\\\/jubilaeum\\\/2015\\\/11\\\/unsere-jubilaeumsfeier\\\/#article\",\"isPartOf\":{\"@id\":\"https:\\\/\\\/zahnaerzte-weinsberg.de\\\/jubilaeum\\\/2015\\\/11\\\/unsere-jubilaeumsfeier\\\/\"},\"author\":{\"name\":\"Zahnarztpraxis Weber\",\"@id\":\"https:\\\/\\\/zahnaerzte-weinsberg.de\\\/jubilaeum\\\/#\\\/schema\\\/person\\\/c61d1488f1ab7b1e632bc04f55c92436\"},\"headline\":\"Unsere Jubil\u00e4umsfeier\",\"datePublished\":\"2015-11-20T18:43:09+00:00\",\"dateModified\":\"2015-12-23T19:41:00+00:00\",\"mainEntityOfPage\":{\"@id\":\"https:\\\/\\\/zahnaerzte-weinsberg.de\\\/jubilaeum\\\/2015\\\/11\\\/unsere-jubilaeumsfeier\\\/\"},\"wordCount\":9,\"image\":{\"@id\":\"https:\\\/\\\/zahnaerzte-weinsberg.de\\\/jubilaeum\\\/2015\\\/11\\\/unsere-jubilaeumsfeier\\\/#primaryimage\"},\"thumbnailUrl\":\"https:\\\/\\\/zahnaerzte-weinsberg.de\\\/jubilaeum\\\/wp-content\\\/uploads\\\/Collage_jubilaeumsfeier-e1450899546617.jpg\",\"articleSection\":[\"Meilensteine\"],\"inLanguage\":\"de\"},{\"@type\":\"WebPage\",\"@id\":\"https:\\\/\\\/zahnaerzte-weinsberg.de\\\/jubilaeum\\\/2015\\\/11\\\/unsere-jubilaeumsfeier\\\/\",\"url\":\"https:\\\/\\\/zahnaerzte-weinsberg.de\\\/jubilaeum\\\/2015\\\/11\\\/unsere-jubilaeumsfeier\\\/\",\"name\":\"25 Jahre Jubil\u00e4um - Unsere Jubil\u00e4umsfeier\",\"isPartOf\":{\"@id\":\"https:\\\/\\\/zahnaerzte-weinsberg.de\\\/jubilaeum\\\/#website\"},\"primaryImageOfPage\":{\"@id\":\"https:\\\/\\\/zahnaerzte-weinsberg.de\\\/jubilaeum\\\/2015\\\/11\\\/unsere-jubilaeumsfeier\\\/#primaryimage\"},\"image\":{\"@id\":\"https:\\\/\\\/zahnaerzte-weinsberg.de\\\/jubilaeum\\\/2015\\\/11\\\/unsere-jubilaeumsfeier\\\/#primaryimage\"},\"thumbnailUrl\":\"https:\\\/\\\/zahnaerzte-weinsberg.de\\\/jubilaeum\\\/wp-content\\\/uploads\\\/Collage_jubilaeumsfeier-e1450899546617.jpg\",\"datePublished\":\"2015-11-20T18:43:09+00:00\",\"dateModified\":\"2015-12-23T19:41:00+00:00\",\"author\":{\"@id\":\"https:\\\/\\\/zahnaerzte-weinsberg.de\\\/jubilaeum\\\/#\\\/schema\\\/person\\\/c61d1488f1ab7b1e632bc04f55c92436\"},\"description\":\"25 Jahre Jubil\u00e4um - Unsere Jubil\u00e4umsfeier\",\"breadcrumb\":{\"@id\":\"https:\\\/\\\/zahnaerzte-weinsberg.de\\\/jubilaeum\\\/2015\\\/11\\\/unsere-jubilaeumsfeier\\\/#breadcrumb\"},\"inLanguage\":\"de\",\"potentialAction\":[{\"@type\":\"ReadAction\",\"target\":[\"https:\\\/\\\/zahnaerzte-weinsberg.de\\\/jubilaeum\\\/2015\\\/11\\\/unsere-jubilaeumsfeier\\\/\"]}]},{\"@type\":\"ImageObject\",\"inLanguage\":\"de\",\"@id\":\"https:\\\/\\\/zahnaerzte-weinsberg.de\\\/jubilaeum\\\/2015\\\/11\\\/unsere-jubilaeumsfeier\\\/#primaryimage\",\"url\":\"https:\\\/\\\/zahnaerzte-weinsberg.de\\\/jubilaeum\\\/wp-content\\\/uploads\\\/Collage_jubilaeumsfeier-e1450899546617.jpg\",\"contentUrl\":\"https:\\\/\\\/zahnaerzte-weinsberg.de\\\/jubilaeum\\\/wp-content\\\/uploads\\\/Collage_jubilaeumsfeier-e1450899546617.jpg\",\"width\":543,\"height\":422},{\"@type\":\"BreadcrumbList\",\"@id\":\"https:\\\/\\\/zahnaerzte-weinsberg.de\\\/jubilaeum\\\/2015\\\/11\\\/unsere-jubilaeumsfeier\\\/#breadcrumb\",\"itemListElement\":[{\"@type\":\"ListItem\",\"position\":1,\"name\":\"Home\",\"item\":\"https:\\\/\\\/zahnaerzte-weinsberg.de\\\/jubilaeum\\\/\"},{\"@type\":\"ListItem\",\"position\":2,\"name\":\"Unsere Jubil\u00e4umsfeier\"}]},{\"@type\":\"WebSite\",\"@id\":\"https:\\\/\\\/zahnaerzte-weinsberg.de\\\/jubilaeum\\\/#website\",\"url\":\"https:\\\/\\\/zahnaerzte-weinsberg.de\\\/jubilaeum\\\/\",\"name\":\"Zahn\u00e4rzte Weber in Weinsberg\",\"description\":\"\",\"potentialAction\":[{\"@type\":\"SearchAction\",\"target\":{\"@type\":\"EntryPoint\",\"urlTemplate\":\"https:\\\/\\\/zahnaerzte-weinsberg.de\\\/jubilaeum\\\/?s={search_term_string}\"},\"query-input\":{\"@type\":\"PropertyValueSpecification\",\"valueRequired\":true,\"valueName\":\"search_term_string\"}}],\"inLanguage\":\"de\"},{\"@type\":\"Person\",\"@id\":\"https:\\\/\\\/zahnaerzte-weinsberg.de\\\/jubilaeum\\\/#\\\/schema\\\/person\\\/c61d1488f1ab7b1e632bc04f55c92436\",\"name\":\"Zahnarztpraxis Weber\",\"image\":{\"@type\":\"ImageObject\",\"inLanguage\":\"de\",\"@id\":\"https:\\\/\\\/zahnaerzte-weinsberg.de\\\/jubilaeum\\\/wp-content\\\/uploads\\\/zahnaerzte-weber-zahnarztpraxis2-150x150.png\",\"url\":\"https:\\\/\\\/zahnaerzte-weinsberg.de\\\/jubilaeum\\\/wp-content\\\/uploads\\\/zahnaerzte-weber-zahnarztpraxis2-150x150.png\",\"contentUrl\":\"https:\\\/\\\/zahnaerzte-weinsberg.de\\\/jubilaeum\\\/wp-content\\\/uploads\\\/zahnaerzte-weber-zahnarztpraxis2-150x150.png\",\"caption\":\"Zahnarztpraxis Weber\"}}]}<\/script>\n<!-- \/ Yoast SEO plugin. -->","yoast_head_json":{"title":"25 Jahre Jubil\u00e4um - Unsere Jubil\u00e4umsfeier","description":"25 Jahre Jubil\u00e4um - Unsere Jubil\u00e4umsfeier","robots":{"index":"index","follow":"follow","max-snippet":"max-snippet:-1","max-image-preview":"max-image-preview:large","max-video-preview":"max-video-preview:-1"},"canonical":"https:\/\/zahnaerzte-weinsberg.de\/jubilaeum\/2015\/11\/unsere-jubilaeumsfeier\/","og_locale":"de_DE","og_type":"article","og_title":"25 Jahre Jubil\u00e4um - Unsere Jubil\u00e4umsfeier","og_description":"25 Jahre Jubil\u00e4um - Unsere Jubil\u00e4umsfeier","og_url":"https:\/\/zahnaerzte-weinsberg.de\/jubilaeum\/2015\/11\/unsere-jubilaeumsfeier\/","og_site_name":"Zahn\u00e4rzte Weber in Weinsberg","article_published_time":"2015-11-20T18:43:09+00:00","article_modified_time":"2015-12-23T19:41:00+00:00","og_image":[{"width":543,"height":422,"url":"https:\/\/zahnaerzte-weinsberg.de\/jubilaeum\/wp-content\/uploads\/Collage_jubilaeumsfeier-e1450899546617.jpg","type":"image\/jpeg"}],"author":"Zahnarztpraxis Weber","twitter_misc":{"Verfasst von":"Zahnarztpraxis Weber"},"schema":{"@context":"https:\/\/schema.org","@graph":[{"@type":"Article","@id":"https:\/\/zahnaerzte-weinsberg.de\/jubilaeum\/2015\/11\/unsere-jubilaeumsfeier\/#article","isPartOf":{"@id":"https:\/\/zahnaerzte-weinsberg.de\/jubilaeum\/2015\/11\/unsere-jubilaeumsfeier\/"},"author":{"name":"Zahnarztpraxis Weber","@id":"https:\/\/zahnaerzte-weinsberg.de\/jubilaeum\/#\/schema\/person\/c61d1488f1ab7b1e632bc04f55c92436"},"headline":"Unsere Jubil\u00e4umsfeier","datePublished":"2015-11-20T18:43:09+00:00","dateModified":"2015-12-23T19:41:00+00:00","mainEntityOfPage":{"@id":"https:\/\/zahnaerzte-weinsberg.de\/jubilaeum\/2015\/11\/unsere-jubilaeumsfeier\/"},"wordCount":9,"image":{"@id":"https:\/\/zahnaerzte-weinsberg.de\/jubilaeum\/2015\/11\/unsere-jubilaeumsfeier\/#primaryimage"},"thumbnailUrl":"https:\/\/zahnaerzte-weinsberg.de\/jubilaeum\/wp-content\/uploads\/Collage_jubilaeumsfeier-e1450899546617.jpg","articleSection":["Meilensteine"],"inLanguage":"de"},{"@type":"WebPage","@id":"https:\/\/zahnaerzte-weinsberg.de\/jubilaeum\/2015\/11\/unsere-jubilaeumsfeier\/","url":"https:\/\/zahnaerzte-weinsberg.de\/jubilaeum\/2015\/11\/unsere-jubilaeumsfeier\/","name":"25 Jahre Jubil\u00e4um - Unsere Jubil\u00e4umsfeier","isPartOf":{"@id":"https:\/\/zahnaerzte-weinsberg.de\/jubilaeum\/#website"},"primaryImageOfPage":{"@id":"https:\/\/zahnaerzte-weinsberg.de\/jubilaeum\/2015\/11\/unsere-jubilaeumsfeier\/#primaryimage"},"image":{"@id":"https:\/\/zahnaerzte-weinsberg.de\/jubilaeum\/2015\/11\/unsere-jubilaeumsfeier\/#primaryimage"},"thumbnailUrl":"https:\/\/zahnaerzte-weinsberg.de\/jubilaeum\/wp-content\/uploads\/Collage_jubilaeumsfeier-e1450899546617.jpg","datePublished":"2015-11-20T18:43:09+00:00","dateModified":"2015-12-23T19:41:00+00:00","author":{"@id":"https:\/\/zahnaerzte-weinsberg.de\/jubilaeum\/#\/schema\/person\/c61d1488f1ab7b1e632bc04f55c92436"},"description":"25 Jahre Jubil\u00e4um - Unsere Jubil\u00e4umsfeier","breadcrumb":{"@id":"https:\/\/zahnaerzte-weinsberg.de\/jubilaeum\/2015\/11\/unsere-jubilaeumsfeier\/#breadcrumb"},"inLanguage":"de","potentialAction":[{"@type":"ReadAction","target":["https:\/\/zahnaerzte-weinsberg.de\/jubilaeum\/2015\/11\/unsere-jubilaeumsfeier\/"]}]},{"@type":"ImageObject","inLanguage":"de","@id":"https:\/\/zahnaerzte-weinsberg.de\/jubilaeum\/2015\/11\/unsere-jubilaeumsfeier\/#primaryimage","url":"https:\/\/zahnaerzte-weinsberg.de\/jubilaeum\/wp-content\/uploads\/Collage_jubilaeumsfeier-e1450899546617.jpg","contentUrl":"https:\/\/zahnaerzte-weinsberg.de\/jubilaeum\/wp-content\/uploads\/Collage_jubilaeumsfeier-e1450899546617.jpg","width":543,"height":422},{"@type":"BreadcrumbList","@id":"https:\/\/zahnaerzte-weinsberg.de\/jubilaeum\/2015\/11\/unsere-jubilaeumsfeier\/#breadcrumb","itemListElement":[{"@type":"ListItem","position":1,"name":"Home","item":"https:\/\/zahnaerzte-weinsberg.de\/jubilaeum\/"},{"@type":"ListItem","position":2,"name":"Unsere Jubil\u00e4umsfeier"}]},{"@type":"WebSite","@id":"https:\/\/zahnaerzte-weinsberg.de\/jubilaeum\/#website","url":"https:\/\/zahnaerzte-weinsberg.de\/jubilaeum\/","name":"Zahn\u00e4rzte Weber in Weinsberg","description":"","potentialAction":[{"@type":"SearchAction","target":{"@type":"EntryPoint","urlTemplate":"https:\/\/zahnaerzte-weinsberg.de\/jubilaeum\/?s={search_term_string}"},"query-input":{"@type":"PropertyValueSpecification","valueRequired":true,"valueName":"search_term_string"}}],"inLanguage":"de"},{"@type":"Person","@id":"https:\/\/zahnaerzte-weinsberg.de\/jubilaeum\/#\/schema\/person\/c61d1488f1ab7b1e632bc04f55c92436","name":"Zahnarztpraxis Weber","image":{"@type":"ImageObject","inLanguage":"de","@id":"https:\/\/zahnaerzte-weinsberg.de\/jubilaeum\/wp-content\/uploads\/zahnaerzte-weber-zahnarztpraxis2-150x150.png","url":"https:\/\/zahnaerzte-weinsberg.de\/jubilaeum\/wp-content\/uploads\/zahnaerzte-weber-zahnarztpraxis2-150x150.png","contentUrl":"https:\/\/zahnaerzte-weinsberg.de\/jubilaeum\/wp-content\/uploads\/zahnaerzte-weber-zahnarztpraxis2-150x150.png","caption":"Zahnarztpraxis Weber"}}]}},"_links":{"self":[{"href":"https:\/\/zahnaerzte-weinsberg.de\/jubilaeum\/wp-json\/wp\/v2\/posts\/585","targetHints":{"allow":["GET"]}}],"collection":[{"href":"https:\/\/zahnaerzte-weinsberg.de\/jubilaeum\/wp-json\/wp\/v2\/posts"}],"about":[{"href":"https:\/\/zahnaerzte-weinsberg.de\/jubilaeum\/wp-json\/wp\/v2\/types\/post"}],"author":[{"embeddable":true,"href":"https:\/\/zahnaerzte-weinsberg.de\/jubilaeum\/wp-json\/wp\/v2\/users\/1"}],"replies":[{"embeddable":true,"href":"https:\/\/zahnaerzte-weinsberg.de\/jubilaeum\/wp-json\/wp\/v2\/comments?post=585"}],"version-history":[{"count":0,"href":"https:\/\/zahnaerzte-weinsberg.de\/jubilaeum\/wp-json\/wp\/v2\/posts\/585\/revisions"}],"wp:featuredmedia":[{"embeddable":true,"href":"https:\/\/zahnaerzte-weinsberg.de\/jubilaeum\/wp-json\/wp\/v2\/media\/586"}],"wp:attachment":[{"href":"https:\/\/zahnaerzte-weinsberg.de\/jubilaeum\/wp-json\/wp\/v2\/media?parent=585"}],"wp:term":[{"taxonomy":"category","embeddable":true,"href":"https:\/\/zahnaerzte-weinsberg.de\/jubilaeum\/wp-json\/wp\/v2\/categories?post=585"},{"taxonomy":"post_tag","embeddable":true,"href":"https:\/\/zahnaerzte-weinsberg.de\/jubilaeum\/wp-json\/wp\/v2\/tags?post=585"}],"curies":[{"name":"wp","href":"https:\/\/api.w.org\/{rel}","templated":true}]}}