{"id":652,"date":"2018-07-01T10:43:56","date_gmt":"2018-07-01T10:43:56","guid":{"rendered":"https:\/\/zahnaerzte-weinsberg.de\/jubilaeum\/?p=652"},"modified":"2018-07-28T10:47:41","modified_gmt":"2018-07-28T10:47:41","slug":"zahnarzt-christian-webers-1-arbeitstag","status":"publish","type":"post","link":"https:\/\/zahnaerzte-weinsberg.de\/jubilaeum\/2018\/07\/zahnarzt-christian-webers-1-arbeitstag\/","title":{"rendered":"Zahnarzt Christian Webers 1. Arbeitstag"},"content":{"rendered":"<div id=\"js_ty\" class=\"_5pbx userContent _3576\" data-ft=\"{&quot;tn&quot;:&quot;K&quot;}\">\n<p>Seit Juni 2018 arbeiten Senior und Junior nun zusammen in einer, unserer Praxis und alles verl\u00e4uft ganz hervorragend.<\/p>\n<p>Hier noch ein paar Eindr\u00fccke vom 1. Arbeitstag. Wer so nett empfangen wird, der kann sich ja nur wohl f\u00fchlen. Euer Praxisteam der Zahn\u00e4rzte Weber in Weinsberg<\/p>\n<\/div>\n<p><img loading=\"lazy\" decoding=\"async\" class=\"alignnone size-medium wp-image-654\" src=\"https:\/\/zahnaerzte-weinsberg.de\/jubilaeum\/wp-content\/uploads\/zahnarztpraxis-weinsberg-heilbronn-neuer-zahnarzt2-690x518.jpg\" alt=\"Zahnarztpraxis Weinsberg bei Heilbronn - Neuer Zahnarzt Christian Weber\" width=\"690\" height=\"518\" srcset=\"https:\/\/zahnaerzte-weinsberg.de\/jubilaeum\/wp-content\/uploads\/zahnarztpraxis-weinsberg-heilbronn-neuer-zahnarzt2-690x518.jpg 690w, https:\/\/zahnaerzte-weinsberg.de\/jubilaeum\/wp-content\/uploads\/zahnarztpraxis-weinsberg-heilbronn-neuer-zahnarzt2-768x576.jpg 768w, https:\/\/zahnaerzte-weinsberg.de\/jubilaeum\/wp-content\/uploads\/zahnarztpraxis-weinsberg-heilbronn-neuer-zahnarzt2-515x386.jpg 515w, https:\/\/zahnaerzte-weinsberg.de\/jubilaeum\/wp-content\/uploads\/zahnarztpraxis-weinsberg-heilbronn-neuer-zahnarzt2-200x150.jpg 200w, https:\/\/zahnaerzte-weinsberg.de\/jubilaeum\/wp-content\/uploads\/zahnarztpraxis-weinsberg-heilbronn-neuer-zahnarzt2.jpg 960w\" sizes=\"auto, (max-width: 690px) 100vw, 690px\" \/><\/p>\n","protected":false},"excerpt":{"rendered":"<p>Seit Juni 2018 arbeiten Senior und Junior nun zusammen in einer, unserer Praxis und alles verl\u00e4uft ganz hervorragend. Hier noch ein paar Eindr\u00fccke vom 1. Arbeitstag. Wer so nett empfangen wird, der kann sich ja nur wohl f\u00fchlen. Euer Praxisteam der Zahn\u00e4rzte Weber in Weinsberg<\/p>\n","protected":false},"author":1,"featured_media":653,"comment_status":"closed","ping_status":"closed","sticky":false,"template":"","format":"standard","meta":{"footnotes":""},"categories":[1],"tags":[],"class_list":["post-652","post","type-post","status-publish","format-standard","has-post-thumbnail","hentry","category-25jahrejubilaeum"],"yoast_head":"<!-- This site is optimized with the Yoast SEO plugin v27.3 - https:\/\/yoast.com\/product\/yoast-seo-wordpress\/ -->\n<title>Zahnarzt Christian Webers 1. Arbeitstag - Zahnarztpraxis Weber<\/title>\n<meta name=\"description\" content=\"Zahnarzt Christian Webers 1. Arbeitstag. Seit Juni 2018 arbeiten Senior und Junior nun zusammen in einer, unserer Praxis und alles verl\u00e4uft ganz hervorragend.\" \/>\n<meta name=\"robots\" content=\"index, follow, max-snippet:-1, max-image-preview:large, max-video-preview:-1\" \/>\n<link rel=\"canonical\" href=\"https:\/\/zahnaerzte-weinsberg.de\/jubilaeum\/2018\/07\/zahnarzt-christian-webers-1-arbeitstag\/\" \/>\n<meta property=\"og:locale\" content=\"de_DE\" \/>\n<meta property=\"og:type\" content=\"article\" \/>\n<meta property=\"og:title\" content=\"Zahnarzt Christian Webers 1. Arbeitstag - Zahnarztpraxis Weber\" \/>\n<meta property=\"og:description\" content=\"Zahnarzt Christian Webers 1. Arbeitstag. Seit Juni 2018 arbeiten Senior und Junior nun zusammen in einer, unserer Praxis und alles verl\u00e4uft ganz hervorragend.\" \/>\n<meta property=\"og:url\" content=\"https:\/\/zahnaerzte-weinsberg.de\/jubilaeum\/2018\/07\/zahnarzt-christian-webers-1-arbeitstag\/\" \/>\n<meta property=\"og:site_name\" content=\"Zahn\u00e4rzte Weber in Weinsberg\" \/>\n<meta property=\"article:published_time\" content=\"2018-07-01T10:43:56+00:00\" \/>\n<meta property=\"article:modified_time\" content=\"2018-07-28T10:47:41+00:00\" \/>\n<meta property=\"og:image\" content=\"https:\/\/zahnaerzte-weinsberg.de\/jubilaeum\/wp-content\/uploads\/zahnarztpraxis-weinsberg-heilbronn-neuer-zahnarzt.jpg\" \/>\n\t<meta property=\"og:image:width\" content=\"960\" \/>\n\t<meta property=\"og:image:height\" content=\"720\" \/>\n\t<meta property=\"og:image:type\" content=\"image\/jpeg\" \/>\n<meta name=\"author\" content=\"Zahnarztpraxis Weber\" \/>\n<meta name=\"twitter:label1\" content=\"Verfasst von\" \/>\n\t<meta name=\"twitter:data1\" content=\"Zahnarztpraxis Weber\" \/>\n<script type=\"application\/ld+json\" class=\"yoast-schema-graph\">{\"@context\":\"https:\\\/\\\/schema.org\",\"@graph\":[{\"@type\":\"Article\",\"@id\":\"https:\\\/\\\/zahnaerzte-weinsberg.de\\\/jubilaeum\\\/2018\\\/07\\\/zahnarzt-christian-webers-1-arbeitstag\\\/#article\",\"isPartOf\":{\"@id\":\"https:\\\/\\\/zahnaerzte-weinsberg.de\\\/jubilaeum\\\/2018\\\/07\\\/zahnarzt-christian-webers-1-arbeitstag\\\/\"},\"author\":{\"name\":\"Zahnarztpraxis Weber\",\"@id\":\"https:\\\/\\\/zahnaerzte-weinsberg.de\\\/jubilaeum\\\/#\\\/schema\\\/person\\\/c61d1488f1ab7b1e632bc04f55c92436\"},\"headline\":\"Zahnarzt Christian Webers 1. Arbeitstag\",\"datePublished\":\"2018-07-01T10:43:56+00:00\",\"dateModified\":\"2018-07-28T10:47:41+00:00\",\"mainEntityOfPage\":{\"@id\":\"https:\\\/\\\/zahnaerzte-weinsberg.de\\\/jubilaeum\\\/2018\\\/07\\\/zahnarzt-christian-webers-1-arbeitstag\\\/\"},\"wordCount\":51,\"image\":{\"@id\":\"https:\\\/\\\/zahnaerzte-weinsberg.de\\\/jubilaeum\\\/2018\\\/07\\\/zahnarzt-christian-webers-1-arbeitstag\\\/#primaryimage\"},\"thumbnailUrl\":\"https:\\\/\\\/zahnaerzte-weinsberg.de\\\/jubilaeum\\\/wp-content\\\/uploads\\\/zahnarztpraxis-weinsberg-heilbronn-neuer-zahnarzt.jpg\",\"articleSection\":[\"Meilensteine\"],\"inLanguage\":\"de\"},{\"@type\":\"WebPage\",\"@id\":\"https:\\\/\\\/zahnaerzte-weinsberg.de\\\/jubilaeum\\\/2018\\\/07\\\/zahnarzt-christian-webers-1-arbeitstag\\\/\",\"url\":\"https:\\\/\\\/zahnaerzte-weinsberg.de\\\/jubilaeum\\\/2018\\\/07\\\/zahnarzt-christian-webers-1-arbeitstag\\\/\",\"name\":\"Zahnarzt Christian Webers 1. Arbeitstag - Zahnarztpraxis Weber\",\"isPartOf\":{\"@id\":\"https:\\\/\\\/zahnaerzte-weinsberg.de\\\/jubilaeum\\\/#website\"},\"primaryImageOfPage\":{\"@id\":\"https:\\\/\\\/zahnaerzte-weinsberg.de\\\/jubilaeum\\\/2018\\\/07\\\/zahnarzt-christian-webers-1-arbeitstag\\\/#primaryimage\"},\"image\":{\"@id\":\"https:\\\/\\\/zahnaerzte-weinsberg.de\\\/jubilaeum\\\/2018\\\/07\\\/zahnarzt-christian-webers-1-arbeitstag\\\/#primaryimage\"},\"thumbnailUrl\":\"https:\\\/\\\/zahnaerzte-weinsberg.de\\\/jubilaeum\\\/wp-content\\\/uploads\\\/zahnarztpraxis-weinsberg-heilbronn-neuer-zahnarzt.jpg\",\"datePublished\":\"2018-07-01T10:43:56+00:00\",\"dateModified\":\"2018-07-28T10:47:41+00:00\",\"author\":{\"@id\":\"https:\\\/\\\/zahnaerzte-weinsberg.de\\\/jubilaeum\\\/#\\\/schema\\\/person\\\/c61d1488f1ab7b1e632bc04f55c92436\"},\"description\":\"Zahnarzt Christian Webers 1. Arbeitstag. Seit Juni 2018 arbeiten Senior und Junior nun zusammen in einer, unserer Praxis und alles verl\u00e4uft ganz hervorragend.\",\"breadcrumb\":{\"@id\":\"https:\\\/\\\/zahnaerzte-weinsberg.de\\\/jubilaeum\\\/2018\\\/07\\\/zahnarzt-christian-webers-1-arbeitstag\\\/#breadcrumb\"},\"inLanguage\":\"de\",\"potentialAction\":[{\"@type\":\"ReadAction\",\"target\":[\"https:\\\/\\\/zahnaerzte-weinsberg.de\\\/jubilaeum\\\/2018\\\/07\\\/zahnarzt-christian-webers-1-arbeitstag\\\/\"]}]},{\"@type\":\"ImageObject\",\"inLanguage\":\"de\",\"@id\":\"https:\\\/\\\/zahnaerzte-weinsberg.de\\\/jubilaeum\\\/2018\\\/07\\\/zahnarzt-christian-webers-1-arbeitstag\\\/#primaryimage\",\"url\":\"https:\\\/\\\/zahnaerzte-weinsberg.de\\\/jubilaeum\\\/wp-content\\\/uploads\\\/zahnarztpraxis-weinsberg-heilbronn-neuer-zahnarzt.jpg\",\"contentUrl\":\"https:\\\/\\\/zahnaerzte-weinsberg.de\\\/jubilaeum\\\/wp-content\\\/uploads\\\/zahnarztpraxis-weinsberg-heilbronn-neuer-zahnarzt.jpg\",\"width\":960,\"height\":720,\"caption\":\"Zahnarztpraxis Weinsberg bei Heilbronn - Neuer Zahnarzt Christian Weber\"},{\"@type\":\"BreadcrumbList\",\"@id\":\"https:\\\/\\\/zahnaerzte-weinsberg.de\\\/jubilaeum\\\/2018\\\/07\\\/zahnarzt-christian-webers-1-arbeitstag\\\/#breadcrumb\",\"itemListElement\":[{\"@type\":\"ListItem\",\"position\":1,\"name\":\"Home\",\"item\":\"https:\\\/\\\/zahnaerzte-weinsberg.de\\\/jubilaeum\\\/\"},{\"@type\":\"ListItem\",\"position\":2,\"name\":\"Zahnarzt Christian Webers 1. Arbeitstag\"}]},{\"@type\":\"WebSite\",\"@id\":\"https:\\\/\\\/zahnaerzte-weinsberg.de\\\/jubilaeum\\\/#website\",\"url\":\"https:\\\/\\\/zahnaerzte-weinsberg.de\\\/jubilaeum\\\/\",\"name\":\"Zahn\u00e4rzte Weber in Weinsberg\",\"description\":\"\",\"potentialAction\":[{\"@type\":\"SearchAction\",\"target\":{\"@type\":\"EntryPoint\",\"urlTemplate\":\"https:\\\/\\\/zahnaerzte-weinsberg.de\\\/jubilaeum\\\/?s={search_term_string}\"},\"query-input\":{\"@type\":\"PropertyValueSpecification\",\"valueRequired\":true,\"valueName\":\"search_term_string\"}}],\"inLanguage\":\"de\"},{\"@type\":\"Person\",\"@id\":\"https:\\\/\\\/zahnaerzte-weinsberg.de\\\/jubilaeum\\\/#\\\/schema\\\/person\\\/c61d1488f1ab7b1e632bc04f55c92436\",\"name\":\"Zahnarztpraxis Weber\",\"image\":{\"@type\":\"ImageObject\",\"inLanguage\":\"de\",\"@id\":\"https:\\\/\\\/zahnaerzte-weinsberg.de\\\/jubilaeum\\\/wp-content\\\/uploads\\\/zahnaerzte-weber-zahnarztpraxis2-150x150.png\",\"url\":\"https:\\\/\\\/zahnaerzte-weinsberg.de\\\/jubilaeum\\\/wp-content\\\/uploads\\\/zahnaerzte-weber-zahnarztpraxis2-150x150.png\",\"contentUrl\":\"https:\\\/\\\/zahnaerzte-weinsberg.de\\\/jubilaeum\\\/wp-content\\\/uploads\\\/zahnaerzte-weber-zahnarztpraxis2-150x150.png\",\"caption\":\"Zahnarztpraxis Weber\"}}]}<\/script>\n<!-- \/ Yoast SEO plugin. -->","yoast_head_json":{"title":"Zahnarzt Christian Webers 1. Arbeitstag - Zahnarztpraxis Weber","description":"Zahnarzt Christian Webers 1. Arbeitstag. Seit Juni 2018 arbeiten Senior und Junior nun zusammen in einer, unserer Praxis und alles verl\u00e4uft ganz hervorragend.","robots":{"index":"index","follow":"follow","max-snippet":"max-snippet:-1","max-image-preview":"max-image-preview:large","max-video-preview":"max-video-preview:-1"},"canonical":"https:\/\/zahnaerzte-weinsberg.de\/jubilaeum\/2018\/07\/zahnarzt-christian-webers-1-arbeitstag\/","og_locale":"de_DE","og_type":"article","og_title":"Zahnarzt Christian Webers 1. Arbeitstag - Zahnarztpraxis Weber","og_description":"Zahnarzt Christian Webers 1. Arbeitstag. Seit Juni 2018 arbeiten Senior und Junior nun zusammen in einer, unserer Praxis und alles verl\u00e4uft ganz hervorragend.","og_url":"https:\/\/zahnaerzte-weinsberg.de\/jubilaeum\/2018\/07\/zahnarzt-christian-webers-1-arbeitstag\/","og_site_name":"Zahn\u00e4rzte Weber in Weinsberg","article_published_time":"2018-07-01T10:43:56+00:00","article_modified_time":"2018-07-28T10:47:41+00:00","og_image":[{"width":960,"height":720,"url":"https:\/\/zahnaerzte-weinsberg.de\/jubilaeum\/wp-content\/uploads\/zahnarztpraxis-weinsberg-heilbronn-neuer-zahnarzt.jpg","type":"image\/jpeg"}],"author":"Zahnarztpraxis Weber","twitter_misc":{"Verfasst von":"Zahnarztpraxis Weber"},"schema":{"@context":"https:\/\/schema.org","@graph":[{"@type":"Article","@id":"https:\/\/zahnaerzte-weinsberg.de\/jubilaeum\/2018\/07\/zahnarzt-christian-webers-1-arbeitstag\/#article","isPartOf":{"@id":"https:\/\/zahnaerzte-weinsberg.de\/jubilaeum\/2018\/07\/zahnarzt-christian-webers-1-arbeitstag\/"},"author":{"name":"Zahnarztpraxis Weber","@id":"https:\/\/zahnaerzte-weinsberg.de\/jubilaeum\/#\/schema\/person\/c61d1488f1ab7b1e632bc04f55c92436"},"headline":"Zahnarzt Christian Webers 1. Arbeitstag","datePublished":"2018-07-01T10:43:56+00:00","dateModified":"2018-07-28T10:47:41+00:00","mainEntityOfPage":{"@id":"https:\/\/zahnaerzte-weinsberg.de\/jubilaeum\/2018\/07\/zahnarzt-christian-webers-1-arbeitstag\/"},"wordCount":51,"image":{"@id":"https:\/\/zahnaerzte-weinsberg.de\/jubilaeum\/2018\/07\/zahnarzt-christian-webers-1-arbeitstag\/#primaryimage"},"thumbnailUrl":"https:\/\/zahnaerzte-weinsberg.de\/jubilaeum\/wp-content\/uploads\/zahnarztpraxis-weinsberg-heilbronn-neuer-zahnarzt.jpg","articleSection":["Meilensteine"],"inLanguage":"de"},{"@type":"WebPage","@id":"https:\/\/zahnaerzte-weinsberg.de\/jubilaeum\/2018\/07\/zahnarzt-christian-webers-1-arbeitstag\/","url":"https:\/\/zahnaerzte-weinsberg.de\/jubilaeum\/2018\/07\/zahnarzt-christian-webers-1-arbeitstag\/","name":"Zahnarzt Christian Webers 1. Arbeitstag - Zahnarztpraxis Weber","isPartOf":{"@id":"https:\/\/zahnaerzte-weinsberg.de\/jubilaeum\/#website"},"primaryImageOfPage":{"@id":"https:\/\/zahnaerzte-weinsberg.de\/jubilaeum\/2018\/07\/zahnarzt-christian-webers-1-arbeitstag\/#primaryimage"},"image":{"@id":"https:\/\/zahnaerzte-weinsberg.de\/jubilaeum\/2018\/07\/zahnarzt-christian-webers-1-arbeitstag\/#primaryimage"},"thumbnailUrl":"https:\/\/zahnaerzte-weinsberg.de\/jubilaeum\/wp-content\/uploads\/zahnarztpraxis-weinsberg-heilbronn-neuer-zahnarzt.jpg","datePublished":"2018-07-01T10:43:56+00:00","dateModified":"2018-07-28T10:47:41+00:00","author":{"@id":"https:\/\/zahnaerzte-weinsberg.de\/jubilaeum\/#\/schema\/person\/c61d1488f1ab7b1e632bc04f55c92436"},"description":"Zahnarzt Christian Webers 1. Arbeitstag. Seit Juni 2018 arbeiten Senior und Junior nun zusammen in einer, unserer Praxis und alles verl\u00e4uft ganz hervorragend.","breadcrumb":{"@id":"https:\/\/zahnaerzte-weinsberg.de\/jubilaeum\/2018\/07\/zahnarzt-christian-webers-1-arbeitstag\/#breadcrumb"},"inLanguage":"de","potentialAction":[{"@type":"ReadAction","target":["https:\/\/zahnaerzte-weinsberg.de\/jubilaeum\/2018\/07\/zahnarzt-christian-webers-1-arbeitstag\/"]}]},{"@type":"ImageObject","inLanguage":"de","@id":"https:\/\/zahnaerzte-weinsberg.de\/jubilaeum\/2018\/07\/zahnarzt-christian-webers-1-arbeitstag\/#primaryimage","url":"https:\/\/zahnaerzte-weinsberg.de\/jubilaeum\/wp-content\/uploads\/zahnarztpraxis-weinsberg-heilbronn-neuer-zahnarzt.jpg","contentUrl":"https:\/\/zahnaerzte-weinsberg.de\/jubilaeum\/wp-content\/uploads\/zahnarztpraxis-weinsberg-heilbronn-neuer-zahnarzt.jpg","width":960,"height":720,"caption":"Zahnarztpraxis Weinsberg bei Heilbronn - Neuer Zahnarzt Christian Weber"},{"@type":"BreadcrumbList","@id":"https:\/\/zahnaerzte-weinsberg.de\/jubilaeum\/2018\/07\/zahnarzt-christian-webers-1-arbeitstag\/#breadcrumb","itemListElement":[{"@type":"ListItem","position":1,"name":"Home","item":"https:\/\/zahnaerzte-weinsberg.de\/jubilaeum\/"},{"@type":"ListItem","position":2,"name":"Zahnarzt Christian Webers 1. Arbeitstag"}]},{"@type":"WebSite","@id":"https:\/\/zahnaerzte-weinsberg.de\/jubilaeum\/#website","url":"https:\/\/zahnaerzte-weinsberg.de\/jubilaeum\/","name":"Zahn\u00e4rzte Weber in Weinsberg","description":"","potentialAction":[{"@type":"SearchAction","target":{"@type":"EntryPoint","urlTemplate":"https:\/\/zahnaerzte-weinsberg.de\/jubilaeum\/?s={search_term_string}"},"query-input":{"@type":"PropertyValueSpecification","valueRequired":true,"valueName":"search_term_string"}}],"inLanguage":"de"},{"@type":"Person","@id":"https:\/\/zahnaerzte-weinsberg.de\/jubilaeum\/#\/schema\/person\/c61d1488f1ab7b1e632bc04f55c92436","name":"Zahnarztpraxis Weber","image":{"@type":"ImageObject","inLanguage":"de","@id":"https:\/\/zahnaerzte-weinsberg.de\/jubilaeum\/wp-content\/uploads\/zahnaerzte-weber-zahnarztpraxis2-150x150.png","url":"https:\/\/zahnaerzte-weinsberg.de\/jubilaeum\/wp-content\/uploads\/zahnaerzte-weber-zahnarztpraxis2-150x150.png","contentUrl":"https:\/\/zahnaerzte-weinsberg.de\/jubilaeum\/wp-content\/uploads\/zahnaerzte-weber-zahnarztpraxis2-150x150.png","caption":"Zahnarztpraxis Weber"}}]}},"_links":{"self":[{"href":"https:\/\/zahnaerzte-weinsberg.de\/jubilaeum\/wp-json\/wp\/v2\/posts\/652","targetHints":{"allow":["GET"]}}],"collection":[{"href":"https:\/\/zahnaerzte-weinsberg.de\/jubilaeum\/wp-json\/wp\/v2\/posts"}],"about":[{"href":"https:\/\/zahnaerzte-weinsberg.de\/jubilaeum\/wp-json\/wp\/v2\/types\/post"}],"author":[{"embeddable":true,"href":"https:\/\/zahnaerzte-weinsberg.de\/jubilaeum\/wp-json\/wp\/v2\/users\/1"}],"replies":[{"embeddable":true,"href":"https:\/\/zahnaerzte-weinsberg.de\/jubilaeum\/wp-json\/wp\/v2\/comments?post=652"}],"version-history":[{"count":0,"href":"https:\/\/zahnaerzte-weinsberg.de\/jubilaeum\/wp-json\/wp\/v2\/posts\/652\/revisions"}],"wp:featuredmedia":[{"embeddable":true,"href":"https:\/\/zahnaerzte-weinsberg.de\/jubilaeum\/wp-json\/wp\/v2\/media\/653"}],"wp:attachment":[{"href":"https:\/\/zahnaerzte-weinsberg.de\/jubilaeum\/wp-json\/wp\/v2\/media?parent=652"}],"wp:term":[{"taxonomy":"category","embeddable":true,"href":"https:\/\/zahnaerzte-weinsberg.de\/jubilaeum\/wp-json\/wp\/v2\/categories?post=652"},{"taxonomy":"post_tag","embeddable":true,"href":"https:\/\/zahnaerzte-weinsberg.de\/jubilaeum\/wp-json\/wp\/v2\/tags?post=652"}],"curies":[{"name":"wp","href":"https:\/\/api.w.org\/{rel}","templated":true}]}}