{"id":795,"date":"2023-10-27T10:28:40","date_gmt":"2023-10-27T10:28:40","guid":{"rendered":"https:\/\/zahnaerzte-weinsberg.de\/jubilaeum\/?p=795"},"modified":"2023-10-27T10:28:40","modified_gmt":"2023-10-27T10:28:40","slug":"10-jahre-meryem","status":"publish","type":"post","link":"https:\/\/zahnaerzte-weinsberg.de\/jubilaeum\/2023\/10\/10-jahre-meryem\/","title":{"rendered":"10 Jahre Meryem im Praxisteam Weber"},"content":{"rendered":"<p>Zu diesem tollen Jubil\u00e4um, dass wir im September mit Dir feiern durften, sagen wir nochmals ganz herzlich DANKE!<\/p>\n<p>Danke f\u00fcr Deine Treue, Deine Freude und Deine Herzlichkeit. Danke f\u00fcr Deine Motivation, Deine Hingabe und Deine Zuverl\u00e4ssigkeit.<\/p>\n<p>Das gesamte Praxisteam w\u00fcnscht sich noch viele gemeinsame Jahre mit Dir! <\/p>\n","protected":false},"excerpt":{"rendered":"<p>Zu diesem tollen Jubil\u00e4um, dass wir im September mit Dir feiern durften, sagen wir nochmals ganz herzlich DANKE! Danke f\u00fcr Deine Treue, Deine Freude und Deine Herzlichkeit. Danke f\u00fcr Deine Motivation, Deine Hingabe und Deine Zuverl\u00e4ssigkeit. Das gesamte Praxisteam w\u00fcnscht sich noch viele gemeinsame Jahre mit Dir!<\/p>\n","protected":false},"author":1,"featured_media":780,"comment_status":"closed","ping_status":"closed","sticky":false,"template":"","format":"standard","meta":{"footnotes":""},"categories":[1],"tags":[],"class_list":["post-795","post","type-post","status-publish","format-standard","has-post-thumbnail","hentry","category-25jahrejubilaeum"],"yoast_head":"<!-- This site is optimized with the Yoast SEO plugin v27.3 - https:\/\/yoast.com\/product\/yoast-seo-wordpress\/ -->\n<title>10 Jahre Meryem im Praxisteam Weber - Zahn\u00e4rzte Weber in Weinsberg<\/title>\n<meta name=\"description\" content=\"10 Jahre Meryem im Praxisteam Weber - Zahn\u00e4rzte Weber in Weinsberg - Ihr Zahnarzt f\u00fcr Heilbronn, Neckarsulm und Weinsberg.\" \/>\n<meta name=\"robots\" content=\"index, follow, max-snippet:-1, max-image-preview:large, max-video-preview:-1\" \/>\n<link rel=\"canonical\" href=\"https:\/\/zahnaerzte-weinsberg.de\/jubilaeum\/2023\/10\/10-jahre-meryem\/\" \/>\n<meta property=\"og:locale\" content=\"de_DE\" \/>\n<meta property=\"og:type\" content=\"article\" \/>\n<meta property=\"og:title\" content=\"10 Jahre Meryem im Praxisteam Weber - Zahn\u00e4rzte Weber in Weinsberg\" \/>\n<meta property=\"og:description\" content=\"10 Jahre Meryem im Praxisteam Weber - Zahn\u00e4rzte Weber in Weinsberg - Ihr Zahnarzt f\u00fcr Heilbronn, Neckarsulm und Weinsberg.\" \/>\n<meta property=\"og:url\" content=\"https:\/\/zahnaerzte-weinsberg.de\/jubilaeum\/2023\/10\/10-jahre-meryem\/\" \/>\n<meta property=\"og:site_name\" content=\"Zahn\u00e4rzte Weber in Weinsberg\" \/>\n<meta property=\"article:published_time\" content=\"2023-10-27T10:28:40+00:00\" \/>\n<meta property=\"og:image\" content=\"https:\/\/zahnaerzte-weinsberg.de\/jubilaeum\/wp-content\/uploads\/Meryem10Jahre.jpg\" \/>\n\t<meta property=\"og:image:width\" content=\"1200\" \/>\n\t<meta property=\"og:image:height\" content=\"1200\" \/>\n\t<meta property=\"og:image:type\" content=\"image\/jpeg\" \/>\n<meta name=\"author\" content=\"Zahnarztpraxis Weber\" \/>\n<meta name=\"twitter:label1\" content=\"Verfasst von\" \/>\n\t<meta name=\"twitter:data1\" content=\"Zahnarztpraxis Weber\" \/>\n<script type=\"application\/ld+json\" class=\"yoast-schema-graph\">{\"@context\":\"https:\\\/\\\/schema.org\",\"@graph\":[{\"@type\":\"Article\",\"@id\":\"https:\\\/\\\/zahnaerzte-weinsberg.de\\\/jubilaeum\\\/2023\\\/10\\\/10-jahre-meryem\\\/#article\",\"isPartOf\":{\"@id\":\"https:\\\/\\\/zahnaerzte-weinsberg.de\\\/jubilaeum\\\/2023\\\/10\\\/10-jahre-meryem\\\/\"},\"author\":{\"name\":\"Zahnarztpraxis Weber\",\"@id\":\"https:\\\/\\\/zahnaerzte-weinsberg.de\\\/jubilaeum\\\/#\\\/schema\\\/person\\\/c61d1488f1ab7b1e632bc04f55c92436\"},\"headline\":\"10 Jahre Meryem im Praxisteam Weber\",\"datePublished\":\"2023-10-27T10:28:40+00:00\",\"mainEntityOfPage\":{\"@id\":\"https:\\\/\\\/zahnaerzte-weinsberg.de\\\/jubilaeum\\\/2023\\\/10\\\/10-jahre-meryem\\\/\"},\"wordCount\":57,\"image\":{\"@id\":\"https:\\\/\\\/zahnaerzte-weinsberg.de\\\/jubilaeum\\\/2023\\\/10\\\/10-jahre-meryem\\\/#primaryimage\"},\"thumbnailUrl\":\"https:\\\/\\\/zahnaerzte-weinsberg.de\\\/jubilaeum\\\/wp-content\\\/uploads\\\/Meryem10Jahre.jpg\",\"articleSection\":[\"Meilensteine\"],\"inLanguage\":\"de\"},{\"@type\":\"WebPage\",\"@id\":\"https:\\\/\\\/zahnaerzte-weinsberg.de\\\/jubilaeum\\\/2023\\\/10\\\/10-jahre-meryem\\\/\",\"url\":\"https:\\\/\\\/zahnaerzte-weinsberg.de\\\/jubilaeum\\\/2023\\\/10\\\/10-jahre-meryem\\\/\",\"name\":\"10 Jahre Meryem im Praxisteam Weber - Zahn\u00e4rzte Weber in Weinsberg\",\"isPartOf\":{\"@id\":\"https:\\\/\\\/zahnaerzte-weinsberg.de\\\/jubilaeum\\\/#website\"},\"primaryImageOfPage\":{\"@id\":\"https:\\\/\\\/zahnaerzte-weinsberg.de\\\/jubilaeum\\\/2023\\\/10\\\/10-jahre-meryem\\\/#primaryimage\"},\"image\":{\"@id\":\"https:\\\/\\\/zahnaerzte-weinsberg.de\\\/jubilaeum\\\/2023\\\/10\\\/10-jahre-meryem\\\/#primaryimage\"},\"thumbnailUrl\":\"https:\\\/\\\/zahnaerzte-weinsberg.de\\\/jubilaeum\\\/wp-content\\\/uploads\\\/Meryem10Jahre.jpg\",\"datePublished\":\"2023-10-27T10:28:40+00:00\",\"author\":{\"@id\":\"https:\\\/\\\/zahnaerzte-weinsberg.de\\\/jubilaeum\\\/#\\\/schema\\\/person\\\/c61d1488f1ab7b1e632bc04f55c92436\"},\"description\":\"10 Jahre Meryem im Praxisteam Weber - Zahn\u00e4rzte Weber in Weinsberg - Ihr Zahnarzt f\u00fcr Heilbronn, Neckarsulm und Weinsberg.\",\"breadcrumb\":{\"@id\":\"https:\\\/\\\/zahnaerzte-weinsberg.de\\\/jubilaeum\\\/2023\\\/10\\\/10-jahre-meryem\\\/#breadcrumb\"},\"inLanguage\":\"de\",\"potentialAction\":[{\"@type\":\"ReadAction\",\"target\":[\"https:\\\/\\\/zahnaerzte-weinsberg.de\\\/jubilaeum\\\/2023\\\/10\\\/10-jahre-meryem\\\/\"]}]},{\"@type\":\"ImageObject\",\"inLanguage\":\"de\",\"@id\":\"https:\\\/\\\/zahnaerzte-weinsberg.de\\\/jubilaeum\\\/2023\\\/10\\\/10-jahre-meryem\\\/#primaryimage\",\"url\":\"https:\\\/\\\/zahnaerzte-weinsberg.de\\\/jubilaeum\\\/wp-content\\\/uploads\\\/Meryem10Jahre.jpg\",\"contentUrl\":\"https:\\\/\\\/zahnaerzte-weinsberg.de\\\/jubilaeum\\\/wp-content\\\/uploads\\\/Meryem10Jahre.jpg\",\"width\":1200,\"height\":1200,\"caption\":\"Meryem 10 Jahre Jubil\u00e4um\"},{\"@type\":\"BreadcrumbList\",\"@id\":\"https:\\\/\\\/zahnaerzte-weinsberg.de\\\/jubilaeum\\\/2023\\\/10\\\/10-jahre-meryem\\\/#breadcrumb\",\"itemListElement\":[{\"@type\":\"ListItem\",\"position\":1,\"name\":\"Home\",\"item\":\"https:\\\/\\\/zahnaerzte-weinsberg.de\\\/jubilaeum\\\/\"},{\"@type\":\"ListItem\",\"position\":2,\"name\":\"10 Jahre Meryem im Praxisteam Weber\"}]},{\"@type\":\"WebSite\",\"@id\":\"https:\\\/\\\/zahnaerzte-weinsberg.de\\\/jubilaeum\\\/#website\",\"url\":\"https:\\\/\\\/zahnaerzte-weinsberg.de\\\/jubilaeum\\\/\",\"name\":\"Zahn\u00e4rzte Weber in Weinsberg\",\"description\":\"\",\"potentialAction\":[{\"@type\":\"SearchAction\",\"target\":{\"@type\":\"EntryPoint\",\"urlTemplate\":\"https:\\\/\\\/zahnaerzte-weinsberg.de\\\/jubilaeum\\\/?s={search_term_string}\"},\"query-input\":{\"@type\":\"PropertyValueSpecification\",\"valueRequired\":true,\"valueName\":\"search_term_string\"}}],\"inLanguage\":\"de\"},{\"@type\":\"Person\",\"@id\":\"https:\\\/\\\/zahnaerzte-weinsberg.de\\\/jubilaeum\\\/#\\\/schema\\\/person\\\/c61d1488f1ab7b1e632bc04f55c92436\",\"name\":\"Zahnarztpraxis Weber\",\"image\":{\"@type\":\"ImageObject\",\"inLanguage\":\"de\",\"@id\":\"https:\\\/\\\/zahnaerzte-weinsberg.de\\\/jubilaeum\\\/wp-content\\\/uploads\\\/zahnaerzte-weber-zahnarztpraxis2-150x150.png\",\"url\":\"https:\\\/\\\/zahnaerzte-weinsberg.de\\\/jubilaeum\\\/wp-content\\\/uploads\\\/zahnaerzte-weber-zahnarztpraxis2-150x150.png\",\"contentUrl\":\"https:\\\/\\\/zahnaerzte-weinsberg.de\\\/jubilaeum\\\/wp-content\\\/uploads\\\/zahnaerzte-weber-zahnarztpraxis2-150x150.png\",\"caption\":\"Zahnarztpraxis Weber\"}}]}<\/script>\n<!-- \/ Yoast SEO plugin. -->","yoast_head_json":{"title":"10 Jahre Meryem im Praxisteam Weber - Zahn\u00e4rzte Weber in Weinsberg","description":"10 Jahre Meryem im Praxisteam Weber - Zahn\u00e4rzte Weber in Weinsberg - Ihr Zahnarzt f\u00fcr Heilbronn, Neckarsulm und Weinsberg.","robots":{"index":"index","follow":"follow","max-snippet":"max-snippet:-1","max-image-preview":"max-image-preview:large","max-video-preview":"max-video-preview:-1"},"canonical":"https:\/\/zahnaerzte-weinsberg.de\/jubilaeum\/2023\/10\/10-jahre-meryem\/","og_locale":"de_DE","og_type":"article","og_title":"10 Jahre Meryem im Praxisteam Weber - Zahn\u00e4rzte Weber in Weinsberg","og_description":"10 Jahre Meryem im Praxisteam Weber - Zahn\u00e4rzte Weber in Weinsberg - Ihr Zahnarzt f\u00fcr Heilbronn, Neckarsulm und Weinsberg.","og_url":"https:\/\/zahnaerzte-weinsberg.de\/jubilaeum\/2023\/10\/10-jahre-meryem\/","og_site_name":"Zahn\u00e4rzte Weber in Weinsberg","article_published_time":"2023-10-27T10:28:40+00:00","og_image":[{"width":1200,"height":1200,"url":"https:\/\/zahnaerzte-weinsberg.de\/jubilaeum\/wp-content\/uploads\/Meryem10Jahre.jpg","type":"image\/jpeg"}],"author":"Zahnarztpraxis Weber","twitter_misc":{"Verfasst von":"Zahnarztpraxis Weber"},"schema":{"@context":"https:\/\/schema.org","@graph":[{"@type":"Article","@id":"https:\/\/zahnaerzte-weinsberg.de\/jubilaeum\/2023\/10\/10-jahre-meryem\/#article","isPartOf":{"@id":"https:\/\/zahnaerzte-weinsberg.de\/jubilaeum\/2023\/10\/10-jahre-meryem\/"},"author":{"name":"Zahnarztpraxis Weber","@id":"https:\/\/zahnaerzte-weinsberg.de\/jubilaeum\/#\/schema\/person\/c61d1488f1ab7b1e632bc04f55c92436"},"headline":"10 Jahre Meryem im Praxisteam Weber","datePublished":"2023-10-27T10:28:40+00:00","mainEntityOfPage":{"@id":"https:\/\/zahnaerzte-weinsberg.de\/jubilaeum\/2023\/10\/10-jahre-meryem\/"},"wordCount":57,"image":{"@id":"https:\/\/zahnaerzte-weinsberg.de\/jubilaeum\/2023\/10\/10-jahre-meryem\/#primaryimage"},"thumbnailUrl":"https:\/\/zahnaerzte-weinsberg.de\/jubilaeum\/wp-content\/uploads\/Meryem10Jahre.jpg","articleSection":["Meilensteine"],"inLanguage":"de"},{"@type":"WebPage","@id":"https:\/\/zahnaerzte-weinsberg.de\/jubilaeum\/2023\/10\/10-jahre-meryem\/","url":"https:\/\/zahnaerzte-weinsberg.de\/jubilaeum\/2023\/10\/10-jahre-meryem\/","name":"10 Jahre Meryem im Praxisteam Weber - Zahn\u00e4rzte Weber in Weinsberg","isPartOf":{"@id":"https:\/\/zahnaerzte-weinsberg.de\/jubilaeum\/#website"},"primaryImageOfPage":{"@id":"https:\/\/zahnaerzte-weinsberg.de\/jubilaeum\/2023\/10\/10-jahre-meryem\/#primaryimage"},"image":{"@id":"https:\/\/zahnaerzte-weinsberg.de\/jubilaeum\/2023\/10\/10-jahre-meryem\/#primaryimage"},"thumbnailUrl":"https:\/\/zahnaerzte-weinsberg.de\/jubilaeum\/wp-content\/uploads\/Meryem10Jahre.jpg","datePublished":"2023-10-27T10:28:40+00:00","author":{"@id":"https:\/\/zahnaerzte-weinsberg.de\/jubilaeum\/#\/schema\/person\/c61d1488f1ab7b1e632bc04f55c92436"},"description":"10 Jahre Meryem im Praxisteam Weber - Zahn\u00e4rzte Weber in Weinsberg - Ihr Zahnarzt f\u00fcr Heilbronn, Neckarsulm und Weinsberg.","breadcrumb":{"@id":"https:\/\/zahnaerzte-weinsberg.de\/jubilaeum\/2023\/10\/10-jahre-meryem\/#breadcrumb"},"inLanguage":"de","potentialAction":[{"@type":"ReadAction","target":["https:\/\/zahnaerzte-weinsberg.de\/jubilaeum\/2023\/10\/10-jahre-meryem\/"]}]},{"@type":"ImageObject","inLanguage":"de","@id":"https:\/\/zahnaerzte-weinsberg.de\/jubilaeum\/2023\/10\/10-jahre-meryem\/#primaryimage","url":"https:\/\/zahnaerzte-weinsberg.de\/jubilaeum\/wp-content\/uploads\/Meryem10Jahre.jpg","contentUrl":"https:\/\/zahnaerzte-weinsberg.de\/jubilaeum\/wp-content\/uploads\/Meryem10Jahre.jpg","width":1200,"height":1200,"caption":"Meryem 10 Jahre Jubil\u00e4um"},{"@type":"BreadcrumbList","@id":"https:\/\/zahnaerzte-weinsberg.de\/jubilaeum\/2023\/10\/10-jahre-meryem\/#breadcrumb","itemListElement":[{"@type":"ListItem","position":1,"name":"Home","item":"https:\/\/zahnaerzte-weinsberg.de\/jubilaeum\/"},{"@type":"ListItem","position":2,"name":"10 Jahre Meryem im Praxisteam Weber"}]},{"@type":"WebSite","@id":"https:\/\/zahnaerzte-weinsberg.de\/jubilaeum\/#website","url":"https:\/\/zahnaerzte-weinsberg.de\/jubilaeum\/","name":"Zahn\u00e4rzte Weber in Weinsberg","description":"","potentialAction":[{"@type":"SearchAction","target":{"@type":"EntryPoint","urlTemplate":"https:\/\/zahnaerzte-weinsberg.de\/jubilaeum\/?s={search_term_string}"},"query-input":{"@type":"PropertyValueSpecification","valueRequired":true,"valueName":"search_term_string"}}],"inLanguage":"de"},{"@type":"Person","@id":"https:\/\/zahnaerzte-weinsberg.de\/jubilaeum\/#\/schema\/person\/c61d1488f1ab7b1e632bc04f55c92436","name":"Zahnarztpraxis Weber","image":{"@type":"ImageObject","inLanguage":"de","@id":"https:\/\/zahnaerzte-weinsberg.de\/jubilaeum\/wp-content\/uploads\/zahnaerzte-weber-zahnarztpraxis2-150x150.png","url":"https:\/\/zahnaerzte-weinsberg.de\/jubilaeum\/wp-content\/uploads\/zahnaerzte-weber-zahnarztpraxis2-150x150.png","contentUrl":"https:\/\/zahnaerzte-weinsberg.de\/jubilaeum\/wp-content\/uploads\/zahnaerzte-weber-zahnarztpraxis2-150x150.png","caption":"Zahnarztpraxis Weber"}}]}},"_links":{"self":[{"href":"https:\/\/zahnaerzte-weinsberg.de\/jubilaeum\/wp-json\/wp\/v2\/posts\/795","targetHints":{"allow":["GET"]}}],"collection":[{"href":"https:\/\/zahnaerzte-weinsberg.de\/jubilaeum\/wp-json\/wp\/v2\/posts"}],"about":[{"href":"https:\/\/zahnaerzte-weinsberg.de\/jubilaeum\/wp-json\/wp\/v2\/types\/post"}],"author":[{"embeddable":true,"href":"https:\/\/zahnaerzte-weinsberg.de\/jubilaeum\/wp-json\/wp\/v2\/users\/1"}],"replies":[{"embeddable":true,"href":"https:\/\/zahnaerzte-weinsberg.de\/jubilaeum\/wp-json\/wp\/v2\/comments?post=795"}],"version-history":[{"count":1,"href":"https:\/\/zahnaerzte-weinsberg.de\/jubilaeum\/wp-json\/wp\/v2\/posts\/795\/revisions"}],"predecessor-version":[{"id":796,"href":"https:\/\/zahnaerzte-weinsberg.de\/jubilaeum\/wp-json\/wp\/v2\/posts\/795\/revisions\/796"}],"wp:featuredmedia":[{"embeddable":true,"href":"https:\/\/zahnaerzte-weinsberg.de\/jubilaeum\/wp-json\/wp\/v2\/media\/780"}],"wp:attachment":[{"href":"https:\/\/zahnaerzte-weinsberg.de\/jubilaeum\/wp-json\/wp\/v2\/media?parent=795"}],"wp:term":[{"taxonomy":"category","embeddable":true,"href":"https:\/\/zahnaerzte-weinsberg.de\/jubilaeum\/wp-json\/wp\/v2\/categories?post=795"},{"taxonomy":"post_tag","embeddable":true,"href":"https:\/\/zahnaerzte-weinsberg.de\/jubilaeum\/wp-json\/wp\/v2\/tags?post=795"}],"curies":[{"name":"wp","href":"https:\/\/api.w.org\/{rel}","templated":true}]}}